{"id":157054,"date":"2020-11-30T13:27:26","date_gmt":"2020-11-30T13:27:26","guid":{"rendered":"http:\/\/diariodominicano.ddns.net\/?p=157054"},"modified":"2020-11-30T13:27:26","modified_gmt":"2020-11-30T13:27:26","slug":"prm-visita-la-jce-y-expresa-su-confianza-en-la-institucion","status":"publish","type":"post","link":"https:\/\/diariodominicano.com\/?p=157054","title":{"rendered":"PRM visita la JCE y expresa su confianza en la instituci\u00f3n"},"content":{"rendered":"<p><body><\/p>\n<p><span class=\"text1noticias\">diariodominicano.com <\/span><\/p>\n<p><span class=\"text1noticias\"> <\/span><\/p>\n<p><span class=\"text1noticias\">Santo Domingo, R. D., 30 de noviembre, 2020.- El pleno de la Junta Central Electoral (JCE), encabezado por su presidente Rom\u00e1n J\u00e1quez Liranzo, recibi\u00f3 la visita de cortes\u00eda de una representaci\u00f3n del Partido Revolucionario Moderno (PRM), entre ellos su presidente Jos\u00e9 Ignacio Paliza, la secretaria general Carolina Mej\u00eda y el delegado pol\u00edtico ante esta Instituci\u00f3n Orlando Jorge Mera, en la que anunciaron su apoyo y acompa\u00f1amiento al \u00f3rgano electoral en las ejecutorias con el prop\u00f3sito de fortalecer la democracia.<\/span><\/p>\n<p><span class=\"text1noticias\"> <\/span><\/p>\n<p><span class=\"text1noticias\">\u00abEsta es una visita para intercambiar impresiones sobre los desaf\u00edos inmediatos en materia de Reforma Electoral y los temas del Registro del Estado Civil, que la Junta Central Electoral ha encaminado\u00bb explic\u00f3 J\u00e1quez Liranzo.<\/span><\/p>\n<p><span class=\"text1noticias\"> <\/span><\/p>\n<p><span class=\"text1noticias\">Inform\u00f3 que tambi\u00e9n abordaron el proyecto de eliminaci\u00f3n de la legalizaci\u00f3n de las actas del Estado Civil y el fortalecimiento de la Unidad de Control Financiero de los Partidos Pol\u00edticos que tendr\u00e1 un car\u00e1cter permanente y rango de direcci\u00f3n, no s\u00f3lo en a\u00f1os electorales y preelectorales, sino un sistema de transparencia que fortalece la democracia a lo interno de los partidos pol\u00edticos y la democracia en s\u00ed misma.<\/span><\/p>\n<p><span class=\"text1noticias\"> <\/span><\/p>\n<p><span class=\"text1noticias\">HABLA PALIZA<\/span><\/p>\n<p><span class=\"text1noticias\"> <\/span><\/p>\n<p><span class=\"text1noticias\">En tanto, el presidente del Partido Revolucionario Moderno (PRM) expres\u00f3 su satisfacci\u00f3n con la visita a la JCE y asegur\u00f3 que los partidos han dado un voto de confianza a estos ciudadanos para poder organizar las elecciones venideras y m\u00e1s a\u00fan cuidar nuestra identidad y prestar los servicios a los ciudadanos en el d\u00eda a d\u00eda<\/span><\/p>\n<p><span class=\"text1noticias\"> <\/span><\/p>\n<p><span class=\"text1noticias\">\u00abEn tal virtud le hemos expresado al Pleno nuestra disposici\u00f3n de acompa\u00f1arlos, de apoyarlos, con el compromiso de que su labor sea la m\u00e1s oportuna posible en el cumplimiento de sus funciones\u00bb, precis\u00f3 Paliza presidente del PRM.<\/span><\/p>\n<p><span class=\"text1noticias\"> <\/span><\/p>\n<p><span class=\"text1noticias\"> <\/span><\/p>\n<p><span class=\"text1noticias\"> <\/span><\/p>\n<p><span class=\"text1noticias\"> <\/span><\/p>\n<p><span class=\"text1noticias\">ENCUENTRO CON PRESIDENTES Y DIRECTIVOS DE PARTIDOS<\/span><\/p>\n<p><span class=\"text1noticias\"> <\/span><\/p>\n<p><span class=\"text1noticias\">Por otro lado, J\u00e1quez Liranzo anunci\u00f3 que para el d\u00eda 15 de diciembre el pleno realizar\u00e1 un encuentro con los presidentes, secretarios y delegados de los partidos, organizaciones y movimientos pol\u00edticos, para socializar los principales temas a desarrollar.<\/span><\/p>\n<p><span class=\"text1noticias\"> <\/span><\/p>\n<p><span class=\"text1noticias\">El presidente J\u00e1quez Liranzo estuvo acompa\u00f1ado de los miembros titulares Rafael Armando Vallejo Santelises, Dolores Altagracia Fern\u00e1ndez, Patricia Lorenzo Paniagua y Samir Rafael Chami Isa.<\/span><\/p>\n<p><span class=\"text1noticias\"> <\/span><\/p>\n<p><span class=\"text1noticias\">Fuente: Comunicaciones JCE<\/span><\/p>\n<p><span class=\"text1noticias\">Direcci\u00f3n de Comunicaciones<\/span><\/p>\n<p><span class=\"text1noticias\">Junta Cent<\/span>ral Electoral (JCE)<\/p>\n<p><span class=\"text1noticias\">Direcci\u00f3n de Comunicaciones<\/span><\/p>\n<p><span class=\"text1noticias\">30 de noviembre del 2020<\/span><\/p>\n<h6> 2020-11-30 13:27:26 <\/h6>\n<p><!--\n<link rel=\"stylesheet\" href=\"css\/bootstrap.min.css\">\n\n\n<ul class=\"pagination\">\n\t    \n\t\n\n<li class='disabled'>\n\t<a >Previous<\/a>\n\t<\/li>\n\n\n       \n    \n\n<li class='active'><a>1<\/a><\/li>\n\n\n\n<li><a href='?page_no=2'>2<\/a><\/li>\n\n\n\n<li><a href='?page_no=3'>3<\/a><\/li>\n\n\n\n<li><a href='?page_no=4'>4<\/a><\/li>\n\n\n\n<li><a href='?page_no=5'>5<\/a><\/li>\n\n\n\n<li><a href='?page_no=6'>6<\/a><\/li>\n\n\n\n<li><a href='?page_no=7'>7<\/a><\/li>\n\n\n\n<li><a>...<\/a><\/li>\n\n\n\n<li><a href='?page_no=36999'>36999<\/a><\/li>\n\n\n\n<li><a href='?page_no=37000'>37000<\/a><\/li>\n\n    \n\t\n\n<li >\n\t<a href='?page_no=2'>Next<\/a>\n\t<\/li>\n\n\n    \n\n<li><a href='?page_no=37000'>Last &rsaquo;&rsaquo;<\/a><\/li>\n\n<\/ul>\n\n\n--><br \/>\n<\/body><\/p>\n","protected":false},"excerpt":{"rendered":"<p>diariodominicano.com Santo Domingo, R. D., 30 de noviembre, 2020.- El pleno de la Junta Central Electoral (JCE), encabezado por su presidente Rom\u00e1n J\u00e1quez Liranzo, recibi\u00f3 la visita de cortes\u00eda de una representaci\u00f3n del Partido Revolucionario Moderno (PRM), entre ellos su presidente Jos\u00e9 Ignacio Paliza, la secretaria general Carolina Mej\u00eda y el delegado pol\u00edtico ante esta [&hellip;]<\/p>\n","protected":false},"author":3,"featured_media":0,"comment_status":"open","ping_status":"open","sticky":false,"template":"","format":"standard","meta":{"footnotes":""},"categories":[22],"tags":[],"class_list":["post-157054","post","type-post","status-publish","format-standard","hentry","category-politica"],"_links":{"self":[{"href":"https:\/\/diariodominicano.com\/index.php?rest_route=\/wp\/v2\/posts\/157054","targetHints":{"allow":["GET"]}}],"collection":[{"href":"https:\/\/diariodominicano.com\/index.php?rest_route=\/wp\/v2\/posts"}],"about":[{"href":"https:\/\/diariodominicano.com\/index.php?rest_route=\/wp\/v2\/types\/post"}],"author":[{"embeddable":true,"href":"https:\/\/diariodominicano.com\/index.php?rest_route=\/wp\/v2\/users\/3"}],"replies":[{"embeddable":true,"href":"https:\/\/diariodominicano.com\/index.php?rest_route=%2Fwp%2Fv2%2Fcomments&post=157054"}],"version-history":[{"count":0,"href":"https:\/\/diariodominicano.com\/index.php?rest_route=\/wp\/v2\/posts\/157054\/revisions"}],"wp:attachment":[{"href":"https:\/\/diariodominicano.com\/index.php?rest_route=%2Fwp%2Fv2%2Fmedia&parent=157054"}],"wp:term":[{"taxonomy":"category","embeddable":true,"href":"https:\/\/diariodominicano.com\/index.php?rest_route=%2Fwp%2Fv2%2Fcategories&post=157054"},{"taxonomy":"post_tag","embeddable":true,"href":"https:\/\/diariodominicano.com\/index.php?rest_route=%2Fwp%2Fv2%2Ftags&post=157054"}],"curies":[{"name":"wp","href":"https:\/\/api.w.org\/{rel}","templated":true}]}}