{"id":156788,"date":"2009-02-17T03:23:59","date_gmt":"2009-02-17T03:23:59","guid":{"rendered":"http:\/\/diariodominicano.ddns.net\/?p=156788"},"modified":"2009-02-17T03:23:59","modified_gmt":"2009-02-17T03:23:59","slug":"el-presidente-de-la-scj-apoya-lucha-contra-la-pirateria","status":"publish","type":"post","link":"https:\/\/diariodominicano.com\/?p=156788","title":{"rendered":"El Presidente de la SCJ apoya lucha contra la pirater\u00eda"},"content":{"rendered":"<p><body><\/p>\n<p><img decoding=\"async\" src=\"http:\/\/localhost:8080\/justiciayderecho\/img3\/JorgeSubero16022009.jpg\" \/><br \/><img decoding=\"async\" src=\"http:\/\/localhost:8080\/justiciayderecho\/img3\/ReneFortunato16022009.jpg\" \/>  <\/p>\n<p align=\"justify\"><span class=\"text1noticias\">SANTO DOMINGO.- El Presidente de la Suprema Corte de Justicia (SCJ), Jorge Subero Isa manifest\u00f3 su respaldo a las acciones dirigidas  a erradicar el delito de la pirater\u00eda en la sociedad dominicana.<\/span><\/p>\n<p align=\"justify\"><span class=\"text1noticias\"> <\/span><\/p>\n<p align=\"justify\"><span class=\"text1noticias\">\u00abCuente con el respaldo de la Suprema Corte de Justicia en todo lo que tenga que ver con acciones legales encaminadas a erradicar el delito de la pirater\u00eda\u00bb, le expres\u00f3 el magistrado al cineasta Ren\u00e9 Fortunato tras recibirlo en su despacho en el Palacio de Justicia del Centro de los H\u00e9roes. <\/span><\/p>\n<p align=\"justify\"><span class=\"text1noticias\"> <\/span><\/p>\n<p align=\"justify\"><span class=\"text1noticias\">Fortunato visito al magistrado Subero Isa para manifestarle su preocupaci\u00f3n por el auge indiscriminado de ese delito y la pasividad con que los jueces suelen tratar a los acusados de esa acci\u00f3n delictiva.<\/span><\/p>\n<p align=\"justify\"><span class=\"text1noticias\"> <\/span><\/p>\n<p align=\"justify\"><span class=\"text1noticias\">\u00abLa venta indiscriminada de DVD piratas de producciones cinematogr\u00e1ficas dominicanas en las calles de Santo Domingo y otras ciudades, se constituye en una burla al Estado de Derecho que vive la Sociedad Dominicana\u00bb, expres\u00f3 el cineasta dominicano Ren\u00e9 Fortunato luego de salir de una reuni\u00f3n con el Presidente de la Suprema Corte de Justicia al cual le informo su decisi\u00f3n de constituirse en parte civil afectada e iniciar procesos judiciales en los tribunales de la Rep\u00fablica contra los cabecillas del negocio de la pirater\u00eda. <\/span><\/p>\n<p align=\"justify\"><span class=\"text1noticias\"> <\/span><\/p>\n<p align=\"justify\"><span class=\"text1noticias\">\u00abEs una burla al Estado de Derecho, reiter\u00f3 Fortunato, porque se est\u00e1n violando los derechos y propiedades  de los realizadores cinematogr\u00e1ficos dominicanos, que con tanto sacrificio hacemos cine en este pa\u00eds.\u00bb<\/span><\/p>\n<p align=\"justify\"><span class=\"text1noticias\"> <\/span><\/p>\n<p align=\"justify\"><span class=\"text1noticias\">En su misiva al Magistrado Subero Isa,  Fortunato dice: \u00ab? nos dirigimos a usted, con todo el respeto que su alta investidura merece, para ver si es posible que se les instruya a los jueces a aplicar todo el peso de la ley contra los delincuentes que se dedican a la pirater\u00eda.\u00bb<\/span><\/p>\n<p align=\"justify\"><span class=\"text1noticias\"> <\/span><\/p>\n<p align=\"justify\"><span class=\"text1noticias\">La proliferaci\u00f3n de la pirater\u00eda es tan alarmante, que varios colegas se han visto tentados a iniciar acciones de represi\u00f3n directa contra los piratas en las calles. Esto debe preocupar a las autoridades, ya que son ellas y s\u00f3lo ellas las \u00fanicas llamadas a reprimir, apresar y someter a la justicia a los piratas, tomando en cuenta que la pirater\u00eda es un delito de acci\u00f3n p\u00fablica, y si la impotencia est\u00e1 empujando a los cineastas a una violenta desesperaci\u00f3n, eso quiere decir que hasta ahora la acci\u00f3n p\u00fablica contra la pirater\u00eda ha sido ineficiente e infuncional, afirm\u00f3 el cineasta.<\/span><\/p>\n<p align=\"justify\"><span class=\"text1noticias\">El director de \u00abEl Poder del Jefe\u00bb  dijo que la consigna de las autoridades y de todos los sectores sensatos de la sociedad dominicana debe ser  \u00abTolerancia 0 a la pirater\u00eda\u00bb en todas sus manifestaciones.   Y de inmediato anuncio que se constituir\u00e1 en parte civil afectada para dar inicio a procesos judiciales en los Tribunales de la Rep\u00fablica contra los cabecillas de este negocio ilegal, da\u00f1ino y prejudicial.<\/span><\/p>\n<p align=\"justify\"><span class=\"text1noticias\"> <\/span><\/p>\n<p align=\"justify\"><span class=\"text1noticias\">\u00abHe contratado al buffete de abogados Le\u00f3n &amp; Raful, en la persona de su socia fundadora la licenciada Mariel Le\u00f3n, para que me represente  y asuma la acusaci\u00f3n formal ante los tribunales en los procesos que iniciaremos pr\u00f3ximamente. Exhorto a mis colegas cineastas a que sigan este ejemplo y se constituyan en parte civil perjudicada, para de esta forma presionar para que todo el peso de la ley le caiga encima a los violadores de nuestros derechos.\u00bb<\/span><\/p>\n<p align=\"justify\"><span class=\"text1noticias\"> <\/span><\/p>\n<p align=\"justify\"><span class=\"text1noticias\">Ren\u00e9 Fortunato se apresta a estrenar pr\u00f3ximamente su nueva producci\u00f3n cinematogr\u00e1fica titulada \u00abBosch: Presidente en la frontera imperial\u00bb, sobre la gesti\u00f3n de gobierno del Presidente Constitucional Profesor Juan Bosch en 1963,  el 30 de marzo en la Sala Principal del Teatro Nacional.<\/span><\/p>\n<\/p>\n<h6> 2009-02-17 03:23:59 <\/h6>\n<p><!--\n<link rel=\"stylesheet\" href=\"css\/bootstrap.min.css\">\n\n\n<ul class=\"pagination\">\n\t    \n\t\n\n<li >\n\t<a href='?page_no=31955'>Previous<\/a>\n\t<\/li>\n\n\n       \n    \n\n<li><a href='?page_no=1'>1<\/a><\/li>\n\n\n\n<li><a href='?page_no=2'>2<\/a><\/li>\n\n\n\n<li><a>...<\/a><\/li>\n\n\n\n<li><a href='?page_no=31954'>31954<\/a><\/li>\n\n\n\n<li><a href='?page_no=31955'>31955<\/a><\/li>\n\n\n\n<li class='active'><a>31956<\/a><\/li>\n\n\n\n<li><a href='?page_no=31957'>31957<\/a><\/li>\n\n\n\n<li><a href='?page_no=31958'>31958<\/a><\/li>\n\n\n\n<li><a>...<\/a><\/li>\n\n\n\n<li><a href='?page_no=31963'>31963<\/a><\/li>\n\n\n\n<li><a href='?page_no=31964'>31964<\/a><\/li>\n\n    \n\t\n\n<li >\n\t<a href='?page_no=31957'>Next<\/a>\n\t<\/li>\n\n\n    \n\n<li><a href='?page_no=31964'>Last &rsaquo;&rsaquo;<\/a><\/li>\n\n<\/ul>\n\n\n--><br \/>\n<\/body><\/p>\n","protected":false},"excerpt":{"rendered":"<p>SANTO DOMINGO.- El Presidente de la Suprema Corte de Justicia (SCJ), Jorge Subero Isa manifest\u00f3 su respaldo a las acciones dirigidas a erradicar el delito de la pirater\u00eda en la sociedad dominicana. \u00abCuente con el respaldo de la Suprema Corte de Justicia en todo lo que tenga que ver con acciones legales encaminadas a erradicar [&hellip;]<\/p>\n","protected":false},"author":3,"featured_media":0,"comment_status":"open","ping_status":"open","sticky":false,"template":"","format":"standard","meta":{"footnotes":""},"categories":[24],"tags":[],"class_list":["post-156788","post","type-post","status-publish","format-standard","hentry","category-justicia-y-derecho"],"_links":{"self":[{"href":"https:\/\/diariodominicano.com\/index.php?rest_route=\/wp\/v2\/posts\/156788","targetHints":{"allow":["GET"]}}],"collection":[{"href":"https:\/\/diariodominicano.com\/index.php?rest_route=\/wp\/v2\/posts"}],"about":[{"href":"https:\/\/diariodominicano.com\/index.php?rest_route=\/wp\/v2\/types\/post"}],"author":[{"embeddable":true,"href":"https:\/\/diariodominicano.com\/index.php?rest_route=\/wp\/v2\/users\/3"}],"replies":[{"embeddable":true,"href":"https:\/\/diariodominicano.com\/index.php?rest_route=%2Fwp%2Fv2%2Fcomments&post=156788"}],"version-history":[{"count":0,"href":"https:\/\/diariodominicano.com\/index.php?rest_route=\/wp\/v2\/posts\/156788\/revisions"}],"wp:attachment":[{"href":"https:\/\/diariodominicano.com\/index.php?rest_route=%2Fwp%2Fv2%2Fmedia&parent=156788"}],"wp:term":[{"taxonomy":"category","embeddable":true,"href":"https:\/\/diariodominicano.com\/index.php?rest_route=%2Fwp%2Fv2%2Fcategories&post=156788"},{"taxonomy":"post_tag","embeddable":true,"href":"https:\/\/diariodominicano.com\/index.php?rest_route=%2Fwp%2Fv2%2Ftags&post=156788"}],"curies":[{"name":"wp","href":"https:\/\/api.w.org\/{rel}","templated":true}]}}