{"id":156280,"date":"2010-08-29T17:42:08","date_gmt":"2010-08-29T17:42:08","guid":{"rendered":"http:\/\/diariodominicano.ddns.net\/?p=156280"},"modified":"2010-08-29T17:42:08","modified_gmt":"2010-08-29T17:42:08","slug":"comandante-policial-de-san-cristobal-promete-controlar-hechos-delictivos-en-esa-provincia","status":"publish","type":"post","link":"https:\/\/diariodominicano.com\/?p=156280","title":{"rendered":"&#13;Comandante Policial de San Crist\u00f3bal promete  controlar  hechos delictivos en esa provincia"},"content":{"rendered":"<p><body><\/p>\n<p><img decoding=\"async\" src=\"img3\/sargento.jpg\" \/>  <\/p>\n<\/p>\n<p><em><strong><span class=\"text1noticias\">Por:  Jos\u00e9 A. Thomas.<\/span><\/strong><\/em><\/p>\n<p><strong><span class=\"text1noticias\">SAN CRIST\u00d3BAL.- <\/span><\/strong><span class=\"text1noticias\"> El nuevo Comandante Policial de aqu\u00ed anunci\u00f3 hoy que trabajar\u00e1 d\u00eda y noche con el prop\u00f3sito de mantener a raya a aquellos que se dedican a cometer hechos delictivos en diferentes sectores de esta comunidad.<\/span><\/p>\n<p><span class=\"text1noticias\"> <\/span><\/p>\n<p><span class=\"text1noticias\">El Coronel Policial Manuel Antonio Hern\u00e1ndez Alm\u00e1nzar dijo que para evitar hechos delictivos en la provincia ha aumentado el patrullaje en las \u00e1reas comerciales y residenciales, tanto en motocicletas como en veh\u00edculos de motor.<\/span><\/p>\n<p><span class=\"text1noticias\"> <\/span><\/p>\n<p><span class=\"text1noticias\">Agreg\u00f3 que en esa lucha en el combate de la delincuencia espera la colaboraci\u00f3n de todos los sectores representativos de San Crist\u00f3bal con el prop\u00f3sito de que se mantenga la paz y la tranquilidad en los distintos puntos de esta comunidad.<\/span><\/p>\n<p><span class=\"text1noticias\"> <\/span><\/p>\n<p><span class=\"text1noticias\">El Coronel Hern\u00e1ndez Alm\u00e1nzar al mismo tiempo dio las gracias al Jefe de la Polic\u00eda, Mayor General Jos\u00e9 Armando Polanco G\u00f3mez, por designarlo en tan importante plaza con asiento en la provincia de San Crist\u00f3bal y dijo que trabajar\u00e1 respetando los derechos humanos y que se ha reunido con todo el personal para que trabajen en armon\u00eda y coordinaci\u00f3n con la poblaci\u00f3n.<\/span><\/p>\n<p><span class=\"text1noticias\"> <\/span><\/p>\n<p><span class=\"text1noticias\">A\u00f1adi\u00f3 que las puertas de su despacho estar\u00e1n abiertas las 24 horas del d\u00eda para buscarle soluciones a aquellos que acuden all\u00ed en busca de orientaci\u00f3n a los problemas que se le presentan tanto a ellas como a sus familiares.<\/span><\/p>\n<p><span class=\"text1noticias\"> <\/span><\/p>\n<p><span class=\"text1noticias\">Manifest\u00f3 que trabajar\u00e1 en coordinaci\u00f3n con todas las autoridades representativas de la provincia con el prop\u00f3sito de que se realice un trabajo en coordinaci\u00f3n y m\u00e1s eficiente en beneficio de la colectividad en general.<\/span><\/p>\n<h6> 2010-08-29 17:42:08 <\/h6>\n<p><!--\n<link rel=\"stylesheet\" href=\"css\/bootstrap.min.css\">\n\n\n<ul class=\"pagination\">\n\t    \n\t\n\n<li >\n\t<a href='?page_no=31447'>Previous<\/a>\n\t<\/li>\n\n\n       \n    \n\n<li><a href='?page_no=1'>1<\/a><\/li>\n\n\n\n<li><a href='?page_no=2'>2<\/a><\/li>\n\n\n\n<li><a>...<\/a><\/li>\n\n\n\n<li><a href='?page_no=31446'>31446<\/a><\/li>\n\n\n\n<li><a href='?page_no=31447'>31447<\/a><\/li>\n\n\n\n<li class='active'><a>31448<\/a><\/li>\n\n\n\n<li><a href='?page_no=31449'>31449<\/a><\/li>\n\n\n\n<li><a href='?page_no=31450'>31450<\/a><\/li>\n\n\n\n<li><a>...<\/a><\/li>\n\n\n\n<li><a href='?page_no=31963'>31963<\/a><\/li>\n\n\n\n<li><a href='?page_no=31964'>31964<\/a><\/li>\n\n    \n\t\n\n<li >\n\t<a href='?page_no=31449'>Next<\/a>\n\t<\/li>\n\n\n    \n\n<li><a href='?page_no=31964'>Last &rsaquo;&rsaquo;<\/a><\/li>\n\n<\/ul>\n\n\n--><br \/>\n<\/body><\/p>\n","protected":false},"excerpt":{"rendered":"<p>Por: Jos\u00e9 A. Thomas. SAN CRIST\u00d3BAL.- El nuevo Comandante Policial de aqu\u00ed anunci\u00f3 hoy que trabajar\u00e1 d\u00eda y noche con el prop\u00f3sito de mantener a raya a aquellos que se dedican a cometer hechos delictivos en diferentes sectores de esta comunidad. El Coronel Policial Manuel Antonio Hern\u00e1ndez Alm\u00e1nzar dijo que para evitar hechos delictivos en [&hellip;]<\/p>\n","protected":false},"author":3,"featured_media":0,"comment_status":"open","ping_status":"open","sticky":false,"template":"","format":"standard","meta":{"footnotes":""},"categories":[24],"tags":[],"class_list":["post-156280","post","type-post","status-publish","format-standard","hentry","category-justicia-y-derecho"],"_links":{"self":[{"href":"https:\/\/diariodominicano.com\/index.php?rest_route=\/wp\/v2\/posts\/156280","targetHints":{"allow":["GET"]}}],"collection":[{"href":"https:\/\/diariodominicano.com\/index.php?rest_route=\/wp\/v2\/posts"}],"about":[{"href":"https:\/\/diariodominicano.com\/index.php?rest_route=\/wp\/v2\/types\/post"}],"author":[{"embeddable":true,"href":"https:\/\/diariodominicano.com\/index.php?rest_route=\/wp\/v2\/users\/3"}],"replies":[{"embeddable":true,"href":"https:\/\/diariodominicano.com\/index.php?rest_route=%2Fwp%2Fv2%2Fcomments&post=156280"}],"version-history":[{"count":0,"href":"https:\/\/diariodominicano.com\/index.php?rest_route=\/wp\/v2\/posts\/156280\/revisions"}],"wp:attachment":[{"href":"https:\/\/diariodominicano.com\/index.php?rest_route=%2Fwp%2Fv2%2Fmedia&parent=156280"}],"wp:term":[{"taxonomy":"category","embeddable":true,"href":"https:\/\/diariodominicano.com\/index.php?rest_route=%2Fwp%2Fv2%2Fcategories&post=156280"},{"taxonomy":"post_tag","embeddable":true,"href":"https:\/\/diariodominicano.com\/index.php?rest_route=%2Fwp%2Fv2%2Ftags&post=156280"}],"curies":[{"name":"wp","href":"https:\/\/api.w.org\/{rel}","templated":true}]}}