{"id":156279,"date":"2010-08-29T17:47:42","date_gmt":"2010-08-29T17:47:42","guid":{"rendered":"http:\/\/diariodominicano.ddns.net\/?p=156279"},"modified":"2010-08-29T17:47:42","modified_gmt":"2010-08-29T17:47:42","slug":"apresan-banda-de-cuatreros","status":"publish","type":"post","link":"https:\/\/diariodominicano.com\/?p=156279","title":{"rendered":"&#13;Apresan banda de cuatreros"},"content":{"rendered":"<p><body><\/p>\n<p><img decoding=\"async\" src=\"http:\/\/localhost:8080\/justiciayderecho\/img3\/cuatrero.jpg\" \/>  <\/p>\n<p><span class=\"text1noticias\"> <\/span><\/p>\n<\/p>\n<p><em><strong><span class=\"text1noticias\"> Estas acciones se realizan despues del pronunciamiento esta semana del jefe de la Policia Nacional, Mayor General Jose Armando Polanco Gomez, quien dijo que la insttitucion que el dirige tomara medidas para controlar este flagelo en el pais.<\/span><\/strong><\/em><\/p>\n<\/p>\n<p><span class=\"text1noticias\">Por:  Jos\u00e9 A. Thomas.<\/span><\/p>\n<p><span class=\"text1noticias\">SAN CRIST\u00d3BAL.-  La Polic\u00eda de aqu\u00ed apres\u00f3 a los integrantes de una banda que se dedicaba al robo de reses y cerdos en los diferentes campos, secciones y parajes de esta comunidad.<\/span><\/p>\n<p><span class=\"text1noticias\"> <\/span><\/p>\n<p><span class=\"text1noticias\">Como sospechosos de integrar la misma fueron apresados los nombrados Leonardo De La Cruz y Alfredo P\u00e9rez Franco, quienes fueron sorprendidos por las autoridades policiales minutos despu\u00e9s de descuartizar un cerdo del padre del Coronel Policial Luis Mar\u00eda Corpor\u00e1n Tejeda, Comandante de la plaza de la C\u00e1rcel P\u00fablica de Najayo.<\/span><\/p>\n<p><span class=\"text1noticias\"> <\/span><\/p>\n<p><span class=\"text1noticias\">La Polic\u00eda dijo que los detenidos, uno de ellos se dedica a la venta de carne en una de las casillas del mercado p\u00fablico local, ser\u00e1n sometidos a la Justicia en las pr\u00f3ximas horas, ya que tambi\u00e9n est\u00e1n siendo investigados por la sustracci\u00f3n de varias reses a la se\u00f1ora Serafina Mej\u00eda de Hern\u00e1ndez en un hecho ocurrido en el sector Ingenio Nuevo de esta comunidad.<\/span><\/p>\n<p><span class=\"text1noticias\"> <\/span><\/p>\n<p><span class=\"text1noticias\"> <\/span><\/p>\n<p><span class=\"text1noticias\">En las \u00faltimas semanas m\u00e1s de 20 reses han sido sustra\u00eddas a ganaderos y terratenientes de aqu\u00ed de parte de bandas que se dedican a ese tipo de fechor\u00edas, los cuales se llevan la masa y dejan los huesos.<\/span><\/p>\n<\/p>\n<h6> 2010-08-29 17:47:42 <\/h6>\n<p><!--\n<link rel=\"stylesheet\" href=\"css\/bootstrap.min.css\">\n\n\n<ul class=\"pagination\">\n\t    \n\t\n\n<li >\n\t<a href='?page_no=31446'>Previous<\/a>\n\t<\/li>\n\n\n       \n    \n\n<li><a href='?page_no=1'>1<\/a><\/li>\n\n\n\n<li><a href='?page_no=2'>2<\/a><\/li>\n\n\n\n<li><a>...<\/a><\/li>\n\n\n\n<li><a href='?page_no=31445'>31445<\/a><\/li>\n\n\n\n<li><a href='?page_no=31446'>31446<\/a><\/li>\n\n\n\n<li class='active'><a>31447<\/a><\/li>\n\n\n\n<li><a href='?page_no=31448'>31448<\/a><\/li>\n\n\n\n<li><a href='?page_no=31449'>31449<\/a><\/li>\n\n\n\n<li><a>...<\/a><\/li>\n\n\n\n<li><a href='?page_no=31963'>31963<\/a><\/li>\n\n\n\n<li><a href='?page_no=31964'>31964<\/a><\/li>\n\n    \n\t\n\n<li >\n\t<a href='?page_no=31448'>Next<\/a>\n\t<\/li>\n\n\n    \n\n<li><a href='?page_no=31964'>Last &rsaquo;&rsaquo;<\/a><\/li>\n\n<\/ul>\n\n\n--><br \/>\n<\/body><\/p>\n","protected":false},"excerpt":{"rendered":"<p>Estas acciones se realizan despues del pronunciamiento esta semana del jefe de la Policia Nacional, Mayor General Jose Armando Polanco Gomez, quien dijo que la insttitucion que el dirige tomara medidas para controlar este flagelo en el pais. Por: Jos\u00e9 A. Thomas. SAN CRIST\u00d3BAL.- La Polic\u00eda de aqu\u00ed apres\u00f3 a los integrantes de una banda [&hellip;]<\/p>\n","protected":false},"author":3,"featured_media":0,"comment_status":"open","ping_status":"open","sticky":false,"template":"","format":"standard","meta":{"footnotes":""},"categories":[24],"tags":[],"class_list":["post-156279","post","type-post","status-publish","format-standard","hentry","category-justicia-y-derecho"],"_links":{"self":[{"href":"https:\/\/diariodominicano.com\/index.php?rest_route=\/wp\/v2\/posts\/156279","targetHints":{"allow":["GET"]}}],"collection":[{"href":"https:\/\/diariodominicano.com\/index.php?rest_route=\/wp\/v2\/posts"}],"about":[{"href":"https:\/\/diariodominicano.com\/index.php?rest_route=\/wp\/v2\/types\/post"}],"author":[{"embeddable":true,"href":"https:\/\/diariodominicano.com\/index.php?rest_route=\/wp\/v2\/users\/3"}],"replies":[{"embeddable":true,"href":"https:\/\/diariodominicano.com\/index.php?rest_route=%2Fwp%2Fv2%2Fcomments&post=156279"}],"version-history":[{"count":0,"href":"https:\/\/diariodominicano.com\/index.php?rest_route=\/wp\/v2\/posts\/156279\/revisions"}],"wp:attachment":[{"href":"https:\/\/diariodominicano.com\/index.php?rest_route=%2Fwp%2Fv2%2Fmedia&parent=156279"}],"wp:term":[{"taxonomy":"category","embeddable":true,"href":"https:\/\/diariodominicano.com\/index.php?rest_route=%2Fwp%2Fv2%2Fcategories&post=156279"},{"taxonomy":"post_tag","embeddable":true,"href":"https:\/\/diariodominicano.com\/index.php?rest_route=%2Fwp%2Fv2%2Ftags&post=156279"}],"curies":[{"name":"wp","href":"https:\/\/api.w.org\/{rel}","templated":true}]}}