{"id":156271,"date":"2010-08-30T17:22:09","date_gmt":"2010-08-30T17:22:09","guid":{"rendered":"http:\/\/diariodominicano.ddns.net\/?p=156271"},"modified":"2010-08-30T17:22:09","modified_gmt":"2010-08-30T17:22:09","slug":"el-coe-aumenta-a-amarilla-el-nivel-de-alerta-para-el-este-dominicano","status":"publish","type":"post","link":"https:\/\/diariodominicano.com\/?p=156271","title":{"rendered":"El COE  aumenta  a amarilla el  nivel de alerta para el este dominicano"},"content":{"rendered":"<p><body><\/p>\n<p><img decoding=\"async\" src=\"http:\/\/localhost:8080\/justiciayderecho\/img3\/HuracanEarl..1.jpg\" \/><br \/><img decoding=\"async\" src=\"http:\/\/localhost:8080\/justiciayderecho\/img3\/HuracanEarl..2.jpg\" \/>  <\/p>\n<p><span class=\"text1noticias\">SANTO DOMINGO.- 30 Ago, El Centro de Operaciones de Emergencias (COE) elev\u00f3 a amarilla el  nivel de alerta para el este de pa\u00eds, debido al paso del hurac\u00e1n \u00abEarl\u00bb, que se prev\u00e9 cruzar\u00e1 este martes a 300 kil\u00f3metros de Cabo Enga\u00f1o, en el extremo oriental de la isla de Santo Domingo.<\/span><\/p>\n<\/p>\n<p><span class=\"text1noticias\">El COE emiti\u00f3  alerta verde para Montecristi, Puerto Plata, Mar\u00eda Trinidad S\u00e1nchez y Espaillat, en la costa norte y orden\u00f3 al personal de prevenci\u00f3n y rescate trasladar  de sus casas a las personas que se encuentren en puntos vulnerables.<\/span><\/p>\n<\/p>\n<p><span class=\"text1noticias\">Se ordenan evacuaciones preventivas a favor de los residentes ubicados en las zonas bajas costeras con antecedentes a inundaciones  tanto el este como en el norte del pa\u00eds, indic\u00f3 el Centro de Operaciones de Emergencias.<\/span><\/p>\n<\/p>\n<p><span class=\"text1noticias\">El bolet\u00edn de las 11:00 a.m. del Centro Nacional de Huracanes (CNH) ubic\u00f3 al hurac\u00e1n Earl en la latitud 18.7 grados norte y longitud 63.6 grados oeste, a unas 166 millas al noreste de San Juan.<\/span><\/p>\n<\/p>\n<p><span class=\"text1noticias\">A esa hora, Earl present\u00f3 un aumento en los vientos m\u00e1ximos sostenidos a 120 millas por hora (mph), lo que lo convierte en un hurac\u00e1n categor\u00eda 3, y se mov\u00eda hacia el oeste noroeste a 14 mph. <\/span><\/p>\n<\/p>\n<p><span class=\"text1noticias\">De acuerdo a la trayectoria proyectada, a las 8:00 p.m. el centro de Earl podr\u00eda estar a unas 98 millas al noreste de San Juan, Puerto Rico,  con vientos m\u00e1ximos sostenidos de 110 mph. <\/span><\/p>\n<\/p>\n<p><span class=\"text1noticias\">Se estima que el cicl\u00f3n est\u00e9 en su punto m\u00e1s cercano a la Capital  puertorrique\u00f1a en la madrugada del martes. <\/span><\/p>\n<\/p>\n<h6> 2010-08-30 17:22:09 <\/h6>\n<p><!--\n<link rel=\"stylesheet\" href=\"css\/bootstrap.min.css\">\n\n\n<ul class=\"pagination\">\n\t    \n\t\n\n<li >\n\t<a href='?page_no=31438'>Previous<\/a>\n\t<\/li>\n\n\n       \n    \n\n<li><a href='?page_no=1'>1<\/a><\/li>\n\n\n\n<li><a href='?page_no=2'>2<\/a><\/li>\n\n\n\n<li><a>...<\/a><\/li>\n\n\n\n<li><a href='?page_no=31437'>31437<\/a><\/li>\n\n\n\n<li><a href='?page_no=31438'>31438<\/a><\/li>\n\n\n\n<li class='active'><a>31439<\/a><\/li>\n\n\n\n<li><a href='?page_no=31440'>31440<\/a><\/li>\n\n\n\n<li><a href='?page_no=31441'>31441<\/a><\/li>\n\n\n\n<li><a>...<\/a><\/li>\n\n\n\n<li><a href='?page_no=31963'>31963<\/a><\/li>\n\n\n\n<li><a href='?page_no=31964'>31964<\/a><\/li>\n\n    \n\t\n\n<li >\n\t<a href='?page_no=31440'>Next<\/a>\n\t<\/li>\n\n\n    \n\n<li><a href='?page_no=31964'>Last &rsaquo;&rsaquo;<\/a><\/li>\n\n<\/ul>\n\n\n--><br \/>\n<\/body><\/p>\n","protected":false},"excerpt":{"rendered":"<p>SANTO DOMINGO.- 30 Ago, El Centro de Operaciones de Emergencias (COE) elev\u00f3 a amarilla el nivel de alerta para el este de pa\u00eds, debido al paso del hurac\u00e1n \u00abEarl\u00bb, que se prev\u00e9 cruzar\u00e1 este martes a 300 kil\u00f3metros de Cabo Enga\u00f1o, en el extremo oriental de la isla de Santo Domingo. El COE emiti\u00f3 alerta [&hellip;]<\/p>\n","protected":false},"author":3,"featured_media":0,"comment_status":"open","ping_status":"open","sticky":false,"template":"","format":"standard","meta":{"footnotes":""},"categories":[24],"tags":[],"class_list":["post-156271","post","type-post","status-publish","format-standard","hentry","category-justicia-y-derecho"],"_links":{"self":[{"href":"https:\/\/diariodominicano.com\/index.php?rest_route=\/wp\/v2\/posts\/156271","targetHints":{"allow":["GET"]}}],"collection":[{"href":"https:\/\/diariodominicano.com\/index.php?rest_route=\/wp\/v2\/posts"}],"about":[{"href":"https:\/\/diariodominicano.com\/index.php?rest_route=\/wp\/v2\/types\/post"}],"author":[{"embeddable":true,"href":"https:\/\/diariodominicano.com\/index.php?rest_route=\/wp\/v2\/users\/3"}],"replies":[{"embeddable":true,"href":"https:\/\/diariodominicano.com\/index.php?rest_route=%2Fwp%2Fv2%2Fcomments&post=156271"}],"version-history":[{"count":0,"href":"https:\/\/diariodominicano.com\/index.php?rest_route=\/wp\/v2\/posts\/156271\/revisions"}],"wp:attachment":[{"href":"https:\/\/diariodominicano.com\/index.php?rest_route=%2Fwp%2Fv2%2Fmedia&parent=156271"}],"wp:term":[{"taxonomy":"category","embeddable":true,"href":"https:\/\/diariodominicano.com\/index.php?rest_route=%2Fwp%2Fv2%2Fcategories&post=156271"},{"taxonomy":"post_tag","embeddable":true,"href":"https:\/\/diariodominicano.com\/index.php?rest_route=%2Fwp%2Fv2%2Ftags&post=156271"}],"curies":[{"name":"wp","href":"https:\/\/api.w.org\/{rel}","templated":true}]}}