{"id":156265,"date":"2010-08-30T20:54:14","date_gmt":"2010-08-30T20:54:14","guid":{"rendered":"http:\/\/diariodominicano.ddns.net\/?p=156265"},"modified":"2010-08-30T20:54:14","modified_gmt":"2010-08-30T20:54:14","slug":"nuevos-accionistas-listin-diario-reconoce-reestructura-y-garantiza-deuda-editora-listin-diario","status":"publish","type":"post","link":"https:\/\/diariodominicano.com\/?p=156265","title":{"rendered":"&#13;Nuevos accionistas List\u00edn Diario reconoce, reestructura y garantiza  deuda  Editora List\u00edn Diario"},"content":{"rendered":"<p><body><\/p>\n<p><img decoding=\"async\" src=\"img3\/listin.jpg\" \/>  <\/p>\n<\/p>\n<p><span class=\"text1noticias\">Santo Domingo.-Los nuevos accionistas del peri\u00f3dico List\u00edn Diario emitieron un comunicado en el que afirman que asumen este proyecto no solo como una transacci\u00f3n empresarial sino como una gran responsabilidad ante el pa\u00eds.<\/span><\/p>\n<\/p>\n<p><span class=\"text1noticias\">El documento est\u00e1 firmado por Juan Bautista Vicini Lluberes, H\u00e9ctor Jos\u00e9 Rizek, Samir Rizek, M\u00edcalo Berm\u00fadez y Jos\u00e9 Luis Corripio.<\/span><\/p>\n<\/p>\n<p><span class=\"text1noticias\">A continuaci\u00f3n el texto \u00edntegro del documento<\/span><\/p>\n<\/p>\n<p><span class=\"text1noticias\">En fecha diez (10) de agosto 2010, los suscritos asumimos el control accionario de Editora List\u00edn Diario,  CxA, y las dem\u00e1s empresas afiliadas de este grupo editorial.<\/span><\/p>\n<\/p>\n<p><span class=\"text1noticias\">Como parte de esta transacci\u00f3n se reconoci\u00f3, reestructur\u00f3 y garantiz\u00f3 la deuda de Editora List\u00edn Diario, CxA, sus empresas afiliadas y la de la antigua empresa propietaria con Baninter.<\/span><\/p>\n<\/p>\n<p><span class=\"text1noticias\">Asumimos este proyecto no solamente como una operaci\u00f3n empresarial, sino como una gran responsabilidad ante el pa\u00eds, pues nos comprometemos a preservar y ser fieles al legado hist\u00f3rico del List\u00edn Diario como una instituci\u00f3n que desde su fundaci\u00f3n hace 121 a\u00f1os ha estado comprometida con los mejores intereses de la sociedad dominicana, seg\u00fan el ideario de su fundador, Arturo Pellerano Alfau en 1889.<\/span><\/p>\n<\/p>\n<p><span class=\"text1noticias\">Juan Bautista Vicini Lluberes, H\u00e9ctor Jos\u00e9 Rizek, Samir Rizek, M\u00edcalo Berm\u00fadez y Jos\u00e9 Luis Corripio, en representaci\u00f3n de las diferentes empresas compradoras.<\/span><\/p>\n<\/p>\n<h6> 2010-08-30 20:54:14 <\/h6>\n<p><!--\n<link rel=\"stylesheet\" href=\"css\/bootstrap.min.css\">\n\n\n<ul class=\"pagination\">\n\t    \n\t\n\n<li >\n\t<a href='?page_no=31432'>Previous<\/a>\n\t<\/li>\n\n\n       \n    \n\n<li><a href='?page_no=1'>1<\/a><\/li>\n\n\n\n<li><a href='?page_no=2'>2<\/a><\/li>\n\n\n\n<li><a>...<\/a><\/li>\n\n\n\n<li><a href='?page_no=31431'>31431<\/a><\/li>\n\n\n\n<li><a href='?page_no=31432'>31432<\/a><\/li>\n\n\n\n<li class='active'><a>31433<\/a><\/li>\n\n\n\n<li><a href='?page_no=31434'>31434<\/a><\/li>\n\n\n\n<li><a href='?page_no=31435'>31435<\/a><\/li>\n\n\n\n<li><a>...<\/a><\/li>\n\n\n\n<li><a href='?page_no=31963'>31963<\/a><\/li>\n\n\n\n<li><a href='?page_no=31964'>31964<\/a><\/li>\n\n    \n\t\n\n<li >\n\t<a href='?page_no=31434'>Next<\/a>\n\t<\/li>\n\n\n    \n\n<li><a href='?page_no=31964'>Last &rsaquo;&rsaquo;<\/a><\/li>\n\n<\/ul>\n\n\n--><br \/>\n<\/body><\/p>\n","protected":false},"excerpt":{"rendered":"<p>Santo Domingo.-Los nuevos accionistas del peri\u00f3dico List\u00edn Diario emitieron un comunicado en el que afirman que asumen este proyecto no solo como una transacci\u00f3n empresarial sino como una gran responsabilidad ante el pa\u00eds. El documento est\u00e1 firmado por Juan Bautista Vicini Lluberes, H\u00e9ctor Jos\u00e9 Rizek, Samir Rizek, M\u00edcalo Berm\u00fadez y Jos\u00e9 Luis Corripio. A continuaci\u00f3n [&hellip;]<\/p>\n","protected":false},"author":3,"featured_media":0,"comment_status":"open","ping_status":"open","sticky":false,"template":"","format":"standard","meta":{"footnotes":""},"categories":[24],"tags":[],"class_list":["post-156265","post","type-post","status-publish","format-standard","hentry","category-justicia-y-derecho"],"_links":{"self":[{"href":"https:\/\/diariodominicano.com\/index.php?rest_route=\/wp\/v2\/posts\/156265","targetHints":{"allow":["GET"]}}],"collection":[{"href":"https:\/\/diariodominicano.com\/index.php?rest_route=\/wp\/v2\/posts"}],"about":[{"href":"https:\/\/diariodominicano.com\/index.php?rest_route=\/wp\/v2\/types\/post"}],"author":[{"embeddable":true,"href":"https:\/\/diariodominicano.com\/index.php?rest_route=\/wp\/v2\/users\/3"}],"replies":[{"embeddable":true,"href":"https:\/\/diariodominicano.com\/index.php?rest_route=%2Fwp%2Fv2%2Fcomments&post=156265"}],"version-history":[{"count":0,"href":"https:\/\/diariodominicano.com\/index.php?rest_route=\/wp\/v2\/posts\/156265\/revisions"}],"wp:attachment":[{"href":"https:\/\/diariodominicano.com\/index.php?rest_route=%2Fwp%2Fv2%2Fmedia&parent=156265"}],"wp:term":[{"taxonomy":"category","embeddable":true,"href":"https:\/\/diariodominicano.com\/index.php?rest_route=%2Fwp%2Fv2%2Fcategories&post=156265"},{"taxonomy":"post_tag","embeddable":true,"href":"https:\/\/diariodominicano.com\/index.php?rest_route=%2Fwp%2Fv2%2Ftags&post=156265"}],"curies":[{"name":"wp","href":"https:\/\/api.w.org\/{rel}","templated":true}]}}