{"id":156261,"date":"2010-08-30T21:58:40","date_gmt":"2010-08-30T21:58:40","guid":{"rendered":"http:\/\/diariodominicano.ddns.net\/?p=156261"},"modified":"2010-08-30T21:58:40","modified_gmt":"2010-08-30T21:58:40","slug":"juicio-red-figueroa-agosto-suspendido-hasta-el-viernes","status":"publish","type":"post","link":"https:\/\/diariodominicano.com\/?p=156261","title":{"rendered":"&#13;Juicio red Figueroa Agosto suspendido hasta el viernes"},"content":{"rendered":"<p><body><\/p>\n<p><img decoding=\"async\" src=\"http:\/\/localhost:8080\/justiciayderecho\/img3\/figueroa agarrado 2.jpg\" \/>  <\/p>\n<\/p>\n<p><span class=\"text1noticias\">SANTO DOMINGO.- Fue suspendido hasta el pr\u00f3ximo viernes el juicio contra Jos\u00e9 Figueroa Agosto y otros ocho implicados. <\/span><\/p>\n<\/p>\n<p><span class=\"text1noticias\">La magistrada adopt\u00f3 la decisi\u00f3n luego de tomar un receso para deliberar sobre la petici\u00f3n hecha por el abogado defensor de Eddy Brito, Luis Aybar, quien pide que se declaren inadmisibles las pruebas presentadas por la Fiscal\u00eda en contra de su defendido.<\/span><\/p>\n<\/p>\n<p><span class=\"text1noticias\">Aybar alega que las pruebas fueron depositadas fuera del plazo establecido por el C\u00f3digo Procesal Penal.<\/span><\/p>\n<\/p>\n<p><span class=\"text1noticias\">En tal sentido, la jueza Claribel Nivar Arias decidi\u00f3 que el viernes 3 oir\u00e1 las replicas y contrarr\u00e9plicas sobre el incidente que procura declarar inadmisible las prueban contra Eddy Brito.<\/span><\/p>\n<\/p>\n<p><span class=\"text1noticias\">Durante la audiencia de este lunes, la jueza del Segundo Juzgado de la Instrucci\u00f3n rechaz\u00f3 el recurso de oposici\u00f3n interpuesto por el abogado de Mery Pel\u00e1ez, Jos\u00e9 Ariza, en contra de la negaci\u00f3n de la magistrada de solicitar la extradici\u00f3n de Figueroa Agosto.<\/span><\/p>\n<\/p>\n<p><span class=\"text1noticias\">Tambi\u00e9n fue rechazado uno mediante el cual Ariza solicitaba que se identificaran las pruebas en contra de Figueroa Agosto, porque el expediente en cuanto a su caso fue sobrese\u00eddo.<\/span><\/p>\n<h6> 2010-08-30 21:58:40 <\/h6>\n<p><!--\n<link rel=\"stylesheet\" href=\"css\/bootstrap.min.css\">\n\n\n<ul class=\"pagination\">\n\t    \n\t\n\n<li >\n\t<a href='?page_no=31428'>Previous<\/a>\n\t<\/li>\n\n\n       \n    \n\n<li><a href='?page_no=1'>1<\/a><\/li>\n\n\n\n<li><a href='?page_no=2'>2<\/a><\/li>\n\n\n\n<li><a>...<\/a><\/li>\n\n\n\n<li><a href='?page_no=31427'>31427<\/a><\/li>\n\n\n\n<li><a href='?page_no=31428'>31428<\/a><\/li>\n\n\n\n<li class='active'><a>31429<\/a><\/li>\n\n\n\n<li><a href='?page_no=31430'>31430<\/a><\/li>\n\n\n\n<li><a href='?page_no=31431'>31431<\/a><\/li>\n\n\n\n<li><a>...<\/a><\/li>\n\n\n\n<li><a href='?page_no=31963'>31963<\/a><\/li>\n\n\n\n<li><a href='?page_no=31964'>31964<\/a><\/li>\n\n    \n\t\n\n<li >\n\t<a href='?page_no=31430'>Next<\/a>\n\t<\/li>\n\n\n    \n\n<li><a href='?page_no=31964'>Last &rsaquo;&rsaquo;<\/a><\/li>\n\n<\/ul>\n\n\n--><br \/>\n<\/body><\/p>\n","protected":false},"excerpt":{"rendered":"<p>SANTO DOMINGO.- Fue suspendido hasta el pr\u00f3ximo viernes el juicio contra Jos\u00e9 Figueroa Agosto y otros ocho implicados. La magistrada adopt\u00f3 la decisi\u00f3n luego de tomar un receso para deliberar sobre la petici\u00f3n hecha por el abogado defensor de Eddy Brito, Luis Aybar, quien pide que se declaren inadmisibles las pruebas presentadas por la Fiscal\u00eda [&hellip;]<\/p>\n","protected":false},"author":3,"featured_media":0,"comment_status":"open","ping_status":"open","sticky":false,"template":"","format":"standard","meta":{"footnotes":""},"categories":[24],"tags":[],"class_list":["post-156261","post","type-post","status-publish","format-standard","hentry","category-justicia-y-derecho"],"_links":{"self":[{"href":"https:\/\/diariodominicano.com\/index.php?rest_route=\/wp\/v2\/posts\/156261","targetHints":{"allow":["GET"]}}],"collection":[{"href":"https:\/\/diariodominicano.com\/index.php?rest_route=\/wp\/v2\/posts"}],"about":[{"href":"https:\/\/diariodominicano.com\/index.php?rest_route=\/wp\/v2\/types\/post"}],"author":[{"embeddable":true,"href":"https:\/\/diariodominicano.com\/index.php?rest_route=\/wp\/v2\/users\/3"}],"replies":[{"embeddable":true,"href":"https:\/\/diariodominicano.com\/index.php?rest_route=%2Fwp%2Fv2%2Fcomments&post=156261"}],"version-history":[{"count":0,"href":"https:\/\/diariodominicano.com\/index.php?rest_route=\/wp\/v2\/posts\/156261\/revisions"}],"wp:attachment":[{"href":"https:\/\/diariodominicano.com\/index.php?rest_route=%2Fwp%2Fv2%2Fmedia&parent=156261"}],"wp:term":[{"taxonomy":"category","embeddable":true,"href":"https:\/\/diariodominicano.com\/index.php?rest_route=%2Fwp%2Fv2%2Fcategories&post=156261"},{"taxonomy":"post_tag","embeddable":true,"href":"https:\/\/diariodominicano.com\/index.php?rest_route=%2Fwp%2Fv2%2Ftags&post=156261"}],"curies":[{"name":"wp","href":"https:\/\/api.w.org\/{rel}","templated":true}]}}