{"id":156259,"date":"2010-08-31T14:48:53","date_gmt":"2010-08-31T14:48:53","guid":{"rendered":"http:\/\/diariodominicano.ddns.net\/?p=156259"},"modified":"2010-08-31T14:48:53","modified_gmt":"2010-08-31T14:48:53","slug":"earl-sigue-categoria-4-y-se-mueve-a-215-km-h","status":"publish","type":"post","link":"https:\/\/diariodominicano.com\/?p=156259","title":{"rendered":"Earl sigue categor\u00eda 4 y se mueve a 215 km\/h"},"content":{"rendered":"<p><body><\/p>\n<p><img decoding=\"async\" src=\"http:\/\/localhost:8080\/justiciayderecho\/img3\/HuracaEARL.jpg\" \/>  <\/p>\n<p><span class=\"text1noticias\">Santo Domingo.- La directora de la Oficina Nacional de  Meteorolog\u00eda, Onamet, ingeniera Gloria Ceballos,  inform\u00f3 este martes   que \u00ablas condiciones meteorol\u00f3gicas sobre el pa\u00eds contin\u00faan bajo la influencia de la nubosidad asociada al hurac\u00e1n Earl con incremento de aguaceros dispersos, tormentas el\u00e9ctricas y ocasionales r\u00e1fagas de viento, especialmente hacia las regiones norte, noreste, sureste y la Cordillera Central\u00bb.<\/span><\/p>\n<\/p>\n<p><span class=\"text1noticias\">En ese sentido, la Onamet mantiene el aviso de alerta temprana desde La Romana a Cabo Enga\u00f1o y desde Cabo Enga\u00f1o a Saman\u00e1.<\/span><\/p>\n<\/p>\n<p><span class=\"text1noticias\">Seg\u00fan la meteor\u00f3loga,  ?Earl fue localizado a unos 250 kil\u00f3metros al nor\/noroeste de Puerto Rico y a unos 460 kil\u00f3metros de la isla Gran Turk, movi\u00e9ndose hacia el oeste\/noroeste a 20 kil\u00f3metros por horas con vientos m\u00e1ximos sostenidos de 215 kil\u00f3metros por horas?.<\/span><\/p>\n<\/p>\n<p><span class=\"text1noticias\">Ceballos record\u00f3 que, de acuerdo a los pron\u00f3sticos, Earl no pasar\u00e1 sobre el territorio nacional, sino que las bandas nubosas que le acompa\u00f1an afectar\u00e1n las costas norte, este y sureste (Santo Domingo, sus municipios y el Distrito Nacional).<\/span><\/p>\n<\/p>\n<p><span class=\"text1noticias\">?En cuanto a las condiciones mar\u00edtimas, todas las embarcaciones que operan en las costas Norte y Este del pa\u00eds, deben de permanecer en puerto, por vientos que oscilan entre 20 y 25 nudos y olas de 8 a 10 pies con rompientes superiores. Se recomienda a los habitantes de  zonas bajas de la costa Norte tomar las medidas de precauciona ante la posibilidad de penetraciones costeras en especial Nagua, Matancitas y Cabrera?. <\/span><\/p>\n<p><span class=\"text1noticias\"><strong>La sexta tormenta de la temporada<\/strong><\/span><\/p>\n<\/p>\n<p><span class=\"text1noticias\">Fiona fue localizada a unos 930 kil\u00f3metros al este de las islas de sotavento, Antillas Menores, movi\u00e9ndose hacia el oeste\/noroeste a unos 37 kil\u00f3metros por hora, con vientos m\u00e1ximos 65 kil\u00f3metros por hora. ?La Onamet monitorea la evoluci\u00f3n y desarrollo de este sistema?.<\/span><\/p>\n<\/p>\n<p><span class=\"text1noticias\">La tormenta tropical Danielle pas\u00f3 a ser tormenta post tropical, es nuestro \u00faltimo bolet\u00edn. Finalmente se mantiene en observaci\u00f3n una zona de baja presi\u00f3n asociada con una onda tropical formada cientos de millas al sur\/suroeste de las islas de Cabo Verde, presentando un 10 % de probabilidad de convertirse en cicl\u00f3n tropical.   <\/span><\/p>\n<\/p>\n<p><span class=\"text1noticias\">Gloria Ceballos record\u00f3 que un d\u00eda como hoy, 31 de agosto, se cumplen 31 a\u00f1os de que el hurac\u00e1n David azot\u00f3 la Rep\u00fablica Dominicana. <\/span><\/p>\n<\/p>\n<h6> 2010-08-31 14:48:53 <\/h6>\n<p><!--\n<link rel=\"stylesheet\" href=\"css\/bootstrap.min.css\">\n\n\n<ul class=\"pagination\">\n\t    \n\t\n\n<li >\n\t<a href='?page_no=31426'>Previous<\/a>\n\t<\/li>\n\n\n       \n    \n\n<li><a href='?page_no=1'>1<\/a><\/li>\n\n\n\n<li><a href='?page_no=2'>2<\/a><\/li>\n\n\n\n<li><a>...<\/a><\/li>\n\n\n\n<li><a href='?page_no=31425'>31425<\/a><\/li>\n\n\n\n<li><a href='?page_no=31426'>31426<\/a><\/li>\n\n\n\n<li class='active'><a>31427<\/a><\/li>\n\n\n\n<li><a href='?page_no=31428'>31428<\/a><\/li>\n\n\n\n<li><a href='?page_no=31429'>31429<\/a><\/li>\n\n\n\n<li><a>...<\/a><\/li>\n\n\n\n<li><a href='?page_no=31963'>31963<\/a><\/li>\n\n\n\n<li><a href='?page_no=31964'>31964<\/a><\/li>\n\n    \n\t\n\n<li >\n\t<a href='?page_no=31428'>Next<\/a>\n\t<\/li>\n\n\n    \n\n<li><a href='?page_no=31964'>Last &rsaquo;&rsaquo;<\/a><\/li>\n\n<\/ul>\n\n\n--><br \/>\n<\/body><\/p>\n","protected":false},"excerpt":{"rendered":"<p>Santo Domingo.- La directora de la Oficina Nacional de Meteorolog\u00eda, Onamet, ingeniera Gloria Ceballos, inform\u00f3 este martes que \u00ablas condiciones meteorol\u00f3gicas sobre el pa\u00eds contin\u00faan bajo la influencia de la nubosidad asociada al hurac\u00e1n Earl con incremento de aguaceros dispersos, tormentas el\u00e9ctricas y ocasionales r\u00e1fagas de viento, especialmente hacia las regiones norte, noreste, sureste y [&hellip;]<\/p>\n","protected":false},"author":3,"featured_media":0,"comment_status":"open","ping_status":"open","sticky":false,"template":"","format":"standard","meta":{"footnotes":""},"categories":[24],"tags":[],"class_list":["post-156259","post","type-post","status-publish","format-standard","hentry","category-justicia-y-derecho"],"_links":{"self":[{"href":"https:\/\/diariodominicano.com\/index.php?rest_route=\/wp\/v2\/posts\/156259","targetHints":{"allow":["GET"]}}],"collection":[{"href":"https:\/\/diariodominicano.com\/index.php?rest_route=\/wp\/v2\/posts"}],"about":[{"href":"https:\/\/diariodominicano.com\/index.php?rest_route=\/wp\/v2\/types\/post"}],"author":[{"embeddable":true,"href":"https:\/\/diariodominicano.com\/index.php?rest_route=\/wp\/v2\/users\/3"}],"replies":[{"embeddable":true,"href":"https:\/\/diariodominicano.com\/index.php?rest_route=%2Fwp%2Fv2%2Fcomments&post=156259"}],"version-history":[{"count":0,"href":"https:\/\/diariodominicano.com\/index.php?rest_route=\/wp\/v2\/posts\/156259\/revisions"}],"wp:attachment":[{"href":"https:\/\/diariodominicano.com\/index.php?rest_route=%2Fwp%2Fv2%2Fmedia&parent=156259"}],"wp:term":[{"taxonomy":"category","embeddable":true,"href":"https:\/\/diariodominicano.com\/index.php?rest_route=%2Fwp%2Fv2%2Fcategories&post=156259"},{"taxonomy":"post_tag","embeddable":true,"href":"https:\/\/diariodominicano.com\/index.php?rest_route=%2Fwp%2Fv2%2Ftags&post=156259"}],"curies":[{"name":"wp","href":"https:\/\/api.w.org\/{rel}","templated":true}]}}