{"id":156258,"date":"2010-08-31T14:58:55","date_gmt":"2010-08-31T14:58:55","guid":{"rendered":"http:\/\/diariodominicano.ddns.net\/?p=156258"},"modified":"2010-08-31T14:58:55","modified_gmt":"2010-08-31T14:58:55","slug":"presidente-fernandez-y-economista-frances-jacques-attali-debaten-sobre-los-origenes-de-la-crisis-mundial","status":"publish","type":"post","link":"https:\/\/diariodominicano.com\/?p=156258","title":{"rendered":"Presidente Fern\u00e1ndez y economista franc\u00e9s Jacques Attali debaten sobre los or\u00edgenes de la crisis mundial"},"content":{"rendered":"<p><body><\/p>\n<p><img decoding=\"async\" src=\"http:\/\/localhost:8080\/justiciayderecho\/img3\/JACQUES.JPG\" \/>  <\/p>\n<p><span class=\"text1noticias\">Santo Domingo, RD.- 31 Ago, El presidente Leonel Fern\u00e1ndez y el economista Jaques Attali, compartieron impresiones  acerca de los or\u00edgenes de la crisis mundial y los desaf\u00edos del futuro para poder superar esta situaci\u00f3n, durante una conferencia magistral que dictara este lunes el profesor franc\u00e9s en el Palacio Nacional. <\/span><\/p>\n<\/p>\n<p><span class=\"text1noticias\">El mandatario adelant\u00f3 que Attal\u00ed abord\u00f3 el tema m\u00e1s grave que hoy se cierne sobre toda la humanidad, como es la crisis financiera global, ?lo m\u00e1s grave que ha ocurrido en el sistema econ\u00f3mico en los \u00faltimos 80 a\u00f1os\u00bb.<\/span><\/p>\n<\/p>\n<p><span class=\"text1noticias\">Attali dijo en su conferencia ?Recuperaci\u00f3n Econ\u00f3mica Mundial: Oportunidades y Desaf\u00edos?, que la crisis global se produjo en la emisi\u00f3n de los pr\u00e9stamos hipotecarios sin sustentos, porque los solicitantes para obtenerlos debieron de inscribir un certificado de hipoteca de garant\u00eda de repago y esa hipotecas se convierten en activos financieros, estos a su vez son colocados en los mercados financieros internacionales, mediante el mecanismo de la securitizaci\u00f3n.<\/span><\/p>\n<\/p>\n<p><span class=\"text1noticias\">Asegur\u00f3 que esos bancos que compraban esos activos financieros hac\u00edan m\u00e1s dinero y se inventaron la monol\u00edneas, donde obten\u00edan los cr\u00e9ditos sin problemas.<\/span><\/p>\n<\/p>\n<p><span class=\"text1noticias\">El profesor franc\u00e9s explic\u00f3 que la situaci\u00f3n de la especulaci\u00f3n es muy dif\u00edcil, porque si no es mundial no funciona ?y esto va a seguir?, adem\u00e1s dijo que mundialmente siempre habr\u00e1 las mismas soluciones como cortar los gastos, incrementar los impuestos, moratoria, buscar a otros que pague por usted, inflaci\u00f3n, guerra o crecimiento, que estas son las siete salidas, que no hay m\u00e1s. <\/span><\/p>\n<\/p>\n<p><span class=\"text1noticias\">Sugiri\u00f3 que para lograr un sistema econ\u00f3mico fuerte debe ser en base a la educaci\u00f3n y al incentivo del ahorro de sus ciudadanos. Asimismo,  explic\u00f3 que aprovechar el desarrollo de la tecnolog\u00eda y la nanotecnolog\u00eda.<\/span><\/p>\n<\/p>\n<p><span class=\"text1noticias\">Attali resalt\u00f3 que los pa\u00edses deber\u00e1n crear otra arquitectura econ\u00f3mica mundial con un sistema monetario y financiero nuevo.<\/span><\/p>\n<\/p>\n<p><span class=\"text1noticias\">El profesional de la econom\u00eda manifest\u00f3 que existe una falta de reglas globales, lo que puede detener el crecimiento de la econom\u00eda en el mundo. En ese mismo orden, dijo que no hay econom\u00eda de mercado que pueda funcionar sin un Estado y que cuando hay un mercado fuerte ?tenemos democracia.<\/span><\/p>\n<\/p>\n<p><span class=\"text1noticias\">El charlista fue presentado por el ministro de Econom\u00eda, Planificaci\u00f3n y Desarrollo, Tem\u00edstocles Mont\u00e1s, quien dijo que la disertaci\u00f3n del doctor Attali forma parte del c\u00edrculo de conferencias que se desarrollan en el Palacio Nacional. <\/span><\/p>\n<\/p>\n<p><span class=\"text1noticias\">Puntualiz\u00f3 que el profesor y escritor franc\u00e9s ha publicado m\u00e1s de 50 novelas, ensayos, biograf\u00edas y obras de teatro traducidas en doce idiomas y que seg\u00fan la  revista ?Foreign Policy?, Jacques Attali se encuentra entre los 100 intelectuales m\u00e1s importantes del mundo.<\/span><\/p>\n<\/p>\n<p><span class=\"text1noticias\">Durante 10 a\u00f1os, de 1981 al 1991, fue consejero especial del presidente franc\u00e9s Fran\u00e7ois Mitterrand, siendo una de sus funciones encargado de las relaciones con los pa\u00edses del G-7. Luego fund\u00f3 y presidi\u00f3 durante dos a\u00f1os el Banco Europeo para la Reconstrucci\u00f3n y el Desarrollo.<\/span><\/p>\n<\/p>\n<p><span class=\"text1noticias\">Actualmente Jacques Attali es director de ?Planet Finance? (Planeta Finanza), una organizaci\u00f3n internacional sin fines de lucro que ayuda a las instituciones de microfinanzas, aconsejando y financiando el desarrollo de la microfinanzas en 80 pa\u00edses.<\/span><\/p>\n<\/p>\n<p><span class=\"text1noticias\">Recientemente, en junio pasado recibi\u00f3 la nueva encomienda del gobierno de Francia de hacer un balance de los resultados de la aplicaci\u00f3n  de las 316 medidas propuestas en el 2008, con el objetivo de que Francia encuentre una situaci\u00f3n exitosa en el a\u00f1o 2020.<\/span><\/p>\n<\/p>\n<p><span class=\"text1noticias\">A la actividad realizada en el sal\u00f3n Las Cari\u00e1tides de la casa de gobierno asistieron el vicepresidente de la Rep\u00fablica, Rafael Alburquerque, la Primera Dama, Margarita Cede\u00f1o de Fern\u00e1ndez, as\u00ed como distinguidas personalidades de la vida nacional, ministros, viceministros, y representantes del cuerpo diplom\u00e1tico y consular, acreditados en el pa\u00eds.<\/span><\/p>\n<h6> 2010-08-31 14:58:55 <\/h6>\n<p><!--\n<link rel=\"stylesheet\" href=\"css\/bootstrap.min.css\">\n\n\n<ul class=\"pagination\">\n\t    \n\t\n\n<li >\n\t<a href='?page_no=31425'>Previous<\/a>\n\t<\/li>\n\n\n       \n    \n\n<li><a href='?page_no=1'>1<\/a><\/li>\n\n\n\n<li><a href='?page_no=2'>2<\/a><\/li>\n\n\n\n<li><a>...<\/a><\/li>\n\n\n\n<li><a href='?page_no=31424'>31424<\/a><\/li>\n\n\n\n<li><a href='?page_no=31425'>31425<\/a><\/li>\n\n\n\n<li class='active'><a>31426<\/a><\/li>\n\n\n\n<li><a href='?page_no=31427'>31427<\/a><\/li>\n\n\n\n<li><a href='?page_no=31428'>31428<\/a><\/li>\n\n\n\n<li><a>...<\/a><\/li>\n\n\n\n<li><a href='?page_no=31963'>31963<\/a><\/li>\n\n\n\n<li><a href='?page_no=31964'>31964<\/a><\/li>\n\n    \n\t\n\n<li >\n\t<a href='?page_no=31427'>Next<\/a>\n\t<\/li>\n\n\n    \n\n<li><a href='?page_no=31964'>Last &rsaquo;&rsaquo;<\/a><\/li>\n\n<\/ul>\n\n\n--><br \/>\n<\/body><\/p>\n","protected":false},"excerpt":{"rendered":"<p>Santo Domingo, RD.- 31 Ago, El presidente Leonel Fern\u00e1ndez y el economista Jaques Attali, compartieron impresiones acerca de los or\u00edgenes de la crisis mundial y los desaf\u00edos del futuro para poder superar esta situaci\u00f3n, durante una conferencia magistral que dictara este lunes el profesor franc\u00e9s en el Palacio Nacional. El mandatario adelant\u00f3 que Attal\u00ed abord\u00f3 [&hellip;]<\/p>\n","protected":false},"author":3,"featured_media":0,"comment_status":"open","ping_status":"open","sticky":false,"template":"","format":"standard","meta":{"footnotes":""},"categories":[24],"tags":[],"class_list":["post-156258","post","type-post","status-publish","format-standard","hentry","category-justicia-y-derecho"],"_links":{"self":[{"href":"https:\/\/diariodominicano.com\/index.php?rest_route=\/wp\/v2\/posts\/156258","targetHints":{"allow":["GET"]}}],"collection":[{"href":"https:\/\/diariodominicano.com\/index.php?rest_route=\/wp\/v2\/posts"}],"about":[{"href":"https:\/\/diariodominicano.com\/index.php?rest_route=\/wp\/v2\/types\/post"}],"author":[{"embeddable":true,"href":"https:\/\/diariodominicano.com\/index.php?rest_route=\/wp\/v2\/users\/3"}],"replies":[{"embeddable":true,"href":"https:\/\/diariodominicano.com\/index.php?rest_route=%2Fwp%2Fv2%2Fcomments&post=156258"}],"version-history":[{"count":0,"href":"https:\/\/diariodominicano.com\/index.php?rest_route=\/wp\/v2\/posts\/156258\/revisions"}],"wp:attachment":[{"href":"https:\/\/diariodominicano.com\/index.php?rest_route=%2Fwp%2Fv2%2Fmedia&parent=156258"}],"wp:term":[{"taxonomy":"category","embeddable":true,"href":"https:\/\/diariodominicano.com\/index.php?rest_route=%2Fwp%2Fv2%2Fcategories&post=156258"},{"taxonomy":"post_tag","embeddable":true,"href":"https:\/\/diariodominicano.com\/index.php?rest_route=%2Fwp%2Fv2%2Ftags&post=156258"}],"curies":[{"name":"wp","href":"https:\/\/api.w.org\/{rel}","templated":true}]}}