{"id":156257,"date":"2010-08-31T15:25:15","date_gmt":"2010-08-31T15:25:15","guid":{"rendered":"http:\/\/diariodominicano.ddns.net\/?p=156257"},"modified":"2010-08-31T15:25:15","modified_gmt":"2010-08-31T15:25:15","slug":"coe-emite-alerta-roja-para-costas-este-y-norte-del-pais","status":"publish","type":"post","link":"https:\/\/diariodominicano.com\/?p=156257","title":{"rendered":"COE emite alerta roja para costas Este y Norte del pa\u00eds"},"content":{"rendered":"<p><body><\/p>\n<p><span class=\"text1noticias\">Santo Domingo, RD.- 31 Ago, El Centro de Operaciones de Emergencias (COE) inform\u00f3 que mantiene el nivel de alerta roja emitida contra probables inundaciones costeras por efectos del hurac\u00e1n Earl.<\/span><\/p>\n<\/p>\n<p><span class=\"text1noticias\">En ese sentido dispuso la evacuaci\u00f3n con car\u00e1cter obligatorio de los residentes ubicados en zonas bajas que se encuentran bajo alerta roja en las costas Este y Norte.<\/span><\/p>\n<\/p>\n<p><span class=\"text1noticias\">Tambi\u00e9n orden\u00f3 la evacuaci\u00f3n de car\u00e1cter preventivo de los residentes en las zonas bajas que se encuentran bajo alerta amarilla.<\/span><\/p>\n<\/p>\n<p><span class=\"text1noticias\">Adem\u00e1s prohibi\u00f3 toda actividad acu\u00e1tica en las zonas bajo alerta.<\/span><\/p>\n<\/p>\n<p><span class=\"text1noticias\">El COE instruy\u00f3 a los enlaces y organismos de primera respuesta proceder en el cumplimiento de dichas medidas en las zonas bajo alertas, haciendo \u00e9nfasis en aquellas zonas con antecedentes a inundaciones costeras.<\/span><\/p>\n<h6> 2010-08-31 15:25:15 <\/h6>\n<p><!--\n<link rel=\"stylesheet\" href=\"css\/bootstrap.min.css\">\n\n\n<ul class=\"pagination\">\n\t    \n\t\n\n<li >\n\t<a href='?page_no=31424'>Previous<\/a>\n\t<\/li>\n\n\n       \n    \n\n<li><a href='?page_no=1'>1<\/a><\/li>\n\n\n\n<li><a href='?page_no=2'>2<\/a><\/li>\n\n\n\n<li><a>...<\/a><\/li>\n\n\n\n<li><a href='?page_no=31423'>31423<\/a><\/li>\n\n\n\n<li><a href='?page_no=31424'>31424<\/a><\/li>\n\n\n\n<li class='active'><a>31425<\/a><\/li>\n\n\n\n<li><a href='?page_no=31426'>31426<\/a><\/li>\n\n\n\n<li><a href='?page_no=31427'>31427<\/a><\/li>\n\n\n\n<li><a>...<\/a><\/li>\n\n\n\n<li><a href='?page_no=31963'>31963<\/a><\/li>\n\n\n\n<li><a href='?page_no=31964'>31964<\/a><\/li>\n\n    \n\t\n\n<li >\n\t<a href='?page_no=31426'>Next<\/a>\n\t<\/li>\n\n\n    \n\n<li><a href='?page_no=31964'>Last &rsaquo;&rsaquo;<\/a><\/li>\n\n<\/ul>\n\n\n--><br \/>\n<\/body><\/p>\n","protected":false},"excerpt":{"rendered":"<p>Santo Domingo, RD.- 31 Ago, El Centro de Operaciones de Emergencias (COE) inform\u00f3 que mantiene el nivel de alerta roja emitida contra probables inundaciones costeras por efectos del hurac\u00e1n Earl. En ese sentido dispuso la evacuaci\u00f3n con car\u00e1cter obligatorio de los residentes ubicados en zonas bajas que se encuentran bajo alerta roja en las costas [&hellip;]<\/p>\n","protected":false},"author":3,"featured_media":0,"comment_status":"open","ping_status":"open","sticky":false,"template":"","format":"standard","meta":{"footnotes":""},"categories":[24],"tags":[],"class_list":["post-156257","post","type-post","status-publish","format-standard","hentry","category-justicia-y-derecho"],"_links":{"self":[{"href":"https:\/\/diariodominicano.com\/index.php?rest_route=\/wp\/v2\/posts\/156257","targetHints":{"allow":["GET"]}}],"collection":[{"href":"https:\/\/diariodominicano.com\/index.php?rest_route=\/wp\/v2\/posts"}],"about":[{"href":"https:\/\/diariodominicano.com\/index.php?rest_route=\/wp\/v2\/types\/post"}],"author":[{"embeddable":true,"href":"https:\/\/diariodominicano.com\/index.php?rest_route=\/wp\/v2\/users\/3"}],"replies":[{"embeddable":true,"href":"https:\/\/diariodominicano.com\/index.php?rest_route=%2Fwp%2Fv2%2Fcomments&post=156257"}],"version-history":[{"count":0,"href":"https:\/\/diariodominicano.com\/index.php?rest_route=\/wp\/v2\/posts\/156257\/revisions"}],"wp:attachment":[{"href":"https:\/\/diariodominicano.com\/index.php?rest_route=%2Fwp%2Fv2%2Fmedia&parent=156257"}],"wp:term":[{"taxonomy":"category","embeddable":true,"href":"https:\/\/diariodominicano.com\/index.php?rest_route=%2Fwp%2Fv2%2Fcategories&post=156257"},{"taxonomy":"post_tag","embeddable":true,"href":"https:\/\/diariodominicano.com\/index.php?rest_route=%2Fwp%2Fv2%2Ftags&post=156257"}],"curies":[{"name":"wp","href":"https:\/\/api.w.org\/{rel}","templated":true}]}}