{"id":156254,"date":"2010-08-31T21:31:24","date_gmt":"2010-08-31T21:31:24","guid":{"rendered":"http:\/\/diariodominicano.ddns.net\/?p=156254"},"modified":"2010-08-31T21:31:24","modified_gmt":"2010-08-31T21:31:24","slug":"fiscal-aclara-no-se-retiro-querella-contra-figueroa-agosto","status":"publish","type":"post","link":"https:\/\/diariodominicano.com\/?p=156254","title":{"rendered":"Fiscal aclara no se retir\u00f3 querella contra Figueroa Agosto"},"content":{"rendered":"<p><body><\/p>\n<p><img decoding=\"async\" src=\"http:\/\/localhost:8080\/justiciayderecho\/img3\/moscoso segarra.jpg\" \/>  <\/p>\n<\/p>\n<p><span class=\"text1noticias\">Santo Domingo.-El fiscal del Distrito Nacional, Alejandro Moscoso Segarra, neg\u00f3 hoy que hayan retirado la acusaci\u00f3n que pesa en el pa\u00eds contra Jos\u00e9 David Figueroa Agosto por asuntos de narcotr\u00e1fico.<\/span><\/p>\n<\/p>\n<p><span class=\"text1noticias\">Dijo que muy por el contrario mantendr\u00e1 los cargos contra el capo boricua y que esperan que las pruebas presentadas sean acogidas por los tribunales de la Rep\u00fablica para que se le d\u00e9 un castigo ejemplar.<\/span><\/p>\n<p><span class=\"text1noticias\">?Eso es un absurdo, no s\u00e9 de d\u00f3nde vino esa informaci\u00f3n. Nosotros mantenemos las pruebas y la acusaci\u00f3n?, dijo. <\/span><\/p>\n<\/p>\n<p><span class=\"text1noticias\">En la reuni\u00f3n, realizada en la Procuradur\u00eda General de la Rep\u00fablica, participaron, adem\u00e1s, el presidente de la Direcci\u00f3n Nacional de Control de Drogas (DNCD), Rolando Rosado Mateo, el jefe de la Polic\u00eda Nacional, Jos\u00e9 Armando Polanco G\u00f3mez, el fiscal de la provincia Santo Domingo, Perfecto Acosta, la fiscal de Santiago, Jenny Berenice Reynoso, entre otros<\/span>.<\/p>\n<\/p>\n<h6> 2010-08-31 21:31:24 <\/h6>\n<p><!--\n<link rel=\"stylesheet\" href=\"css\/bootstrap.min.css\">\n\n\n<ul class=\"pagination\">\n\t    \n\t\n\n<li >\n\t<a href='?page_no=31421'>Previous<\/a>\n\t<\/li>\n\n\n       \n    \n\n<li><a href='?page_no=1'>1<\/a><\/li>\n\n\n\n<li><a href='?page_no=2'>2<\/a><\/li>\n\n\n\n<li><a>...<\/a><\/li>\n\n\n\n<li><a href='?page_no=31420'>31420<\/a><\/li>\n\n\n\n<li><a href='?page_no=31421'>31421<\/a><\/li>\n\n\n\n<li class='active'><a>31422<\/a><\/li>\n\n\n\n<li><a href='?page_no=31423'>31423<\/a><\/li>\n\n\n\n<li><a href='?page_no=31424'>31424<\/a><\/li>\n\n\n\n<li><a>...<\/a><\/li>\n\n\n\n<li><a href='?page_no=31963'>31963<\/a><\/li>\n\n\n\n<li><a href='?page_no=31964'>31964<\/a><\/li>\n\n    \n\t\n\n<li >\n\t<a href='?page_no=31423'>Next<\/a>\n\t<\/li>\n\n\n    \n\n<li><a href='?page_no=31964'>Last &rsaquo;&rsaquo;<\/a><\/li>\n\n<\/ul>\n\n\n--><br \/>\n<\/body><\/p>\n","protected":false},"excerpt":{"rendered":"<p>Santo Domingo.-El fiscal del Distrito Nacional, Alejandro Moscoso Segarra, neg\u00f3 hoy que hayan retirado la acusaci\u00f3n que pesa en el pa\u00eds contra Jos\u00e9 David Figueroa Agosto por asuntos de narcotr\u00e1fico. Dijo que muy por el contrario mantendr\u00e1 los cargos contra el capo boricua y que esperan que las pruebas presentadas sean acogidas por los tribunales [&hellip;]<\/p>\n","protected":false},"author":3,"featured_media":0,"comment_status":"open","ping_status":"open","sticky":false,"template":"","format":"standard","meta":{"footnotes":""},"categories":[24],"tags":[],"class_list":["post-156254","post","type-post","status-publish","format-standard","hentry","category-justicia-y-derecho"],"_links":{"self":[{"href":"https:\/\/diariodominicano.com\/index.php?rest_route=\/wp\/v2\/posts\/156254","targetHints":{"allow":["GET"]}}],"collection":[{"href":"https:\/\/diariodominicano.com\/index.php?rest_route=\/wp\/v2\/posts"}],"about":[{"href":"https:\/\/diariodominicano.com\/index.php?rest_route=\/wp\/v2\/types\/post"}],"author":[{"embeddable":true,"href":"https:\/\/diariodominicano.com\/index.php?rest_route=\/wp\/v2\/users\/3"}],"replies":[{"embeddable":true,"href":"https:\/\/diariodominicano.com\/index.php?rest_route=%2Fwp%2Fv2%2Fcomments&post=156254"}],"version-history":[{"count":0,"href":"https:\/\/diariodominicano.com\/index.php?rest_route=\/wp\/v2\/posts\/156254\/revisions"}],"wp:attachment":[{"href":"https:\/\/diariodominicano.com\/index.php?rest_route=%2Fwp%2Fv2%2Fmedia&parent=156254"}],"wp:term":[{"taxonomy":"category","embeddable":true,"href":"https:\/\/diariodominicano.com\/index.php?rest_route=%2Fwp%2Fv2%2Fcategories&post=156254"},{"taxonomy":"post_tag","embeddable":true,"href":"https:\/\/diariodominicano.com\/index.php?rest_route=%2Fwp%2Fv2%2Ftags&post=156254"}],"curies":[{"name":"wp","href":"https:\/\/api.w.org\/{rel}","templated":true}]}}