{"id":156252,"date":"2010-08-31T22:06:00","date_gmt":"2010-08-31T22:06:00","guid":{"rendered":"http:\/\/diariodominicano.ddns.net\/?p=156252"},"modified":"2010-08-31T22:06:00","modified_gmt":"2010-08-31T22:06:00","slug":"la-fiscal-de-santiago-seguira-investigacion-en-caso-de-fraude-de-aduanas","status":"publish","type":"post","link":"https:\/\/diariodominicano.com\/?p=156252","title":{"rendered":"&#13;La Fiscal de Santiago seguir\u00e1 investigaci\u00f3n en caso de fraude de Aduanas"},"content":{"rendered":"<p><body><\/p>\n<p><img decoding=\"async\" src=\"http:\/\/localhost:8080\/justiciayderecho\/img3\/fiscal de santiago.jpg\" \/>  <\/p>\n<p><span class=\"text1noticias\">Santo Domingo.-La fiscal de Santiago, Jenny Berenice Reynoso, confirm\u00f3 que la representante del Ministerio P\u00fablico que pidi\u00f3 variar la medida de coerci\u00f3n contra los acusados del fraude por m\u00e1s de 100 millones de pesos contra la Direcci\u00f3n General de Aduanas tiene un hijo que trabaja en esa instituci\u00f3n.<\/span><\/p>\n<\/p>\n<p><span class=\"text1noticias\">Berenice Reynoso dijo que el hijo de la presidenta de la Corte de Apelaci\u00f3n de Santiago, Vielka Calder\u00f3n podr\u00eda ser investigado en relaci\u00f3n al fraude.<\/span><\/p>\n<\/p>\n<p><span class=\"text1noticias\">En ese sentido, Berenice Reynoso critic\u00f3 la decisi\u00f3n de la Sala Penal de la Corte de Apelaci\u00f3n de Santiago, que preside Calder\u00f3n, de variar la medida de coerci\u00f3n de ocho meses de prisi\u00f3n que dict\u00f3 el tribunal de Atenci\u00f3n Permanente, por una garant\u00eda econ\u00f3mica de dos millones de pesos a cada uno de los involucrados en el supuesto desfalco.<\/span><\/p>\n<\/p>\n<p><span class=\"text1noticias\">La fiscal dijo que la decisi\u00f3n de Calder\u00f3n no es coherente con la pol\u00edtica que lleva a cabo el Ministerio P\u00fablico en contra de la corrupci\u00f3n.<\/span><\/p>\n<\/p>\n<p><span class=\"text1noticias\">Berenice Reynoso fue entrevistada cuando participaba en una reuni\u00f3n con el Procurador General de la Rep\u00fablica, Radham\u00e9s Jim\u00e9nez Pe\u00f1a, fiscales adjuntos, el jefe de la Polic\u00eda Nacional, Jos\u00e9 Armando Polanco G\u00f3mez,  el presidente de la DNCD, Rolando Rosado Matero, para coordinar acciones para combatir el crimen organizado.<\/span><\/p>\n<\/p>\n<p><span class=\"text1noticias\">Jim\u00e9nez Pe\u00f1a de inmediato anunci\u00f3 que llamar\u00e1 a Calder\u00f3n para que explique el porqu\u00e9 de su decisi\u00f3n.<\/span><\/p>\n<p><span class=\"text1noticias\">Los implicados en el fraude millonario son Adalberto Rosa Rosario, ex subcolector de Aduanas; Miguel \u00c1ngel Lazala y Gerard Est\u00e9vez Pe\u00f1a. A los tres, la Sala Penal de la Corte de Apelaci\u00f3n les impuso una garant\u00eda econ\u00f3mica de dos millones a cada uno, impedimento de salida del pa\u00eds y presentaci\u00f3n todos los d\u00edas 30 de cada mes por ante la fiscal\u00eda.<\/span><\/p>\n<\/p>\n<p><span class=\"text1noticias\">Crimen organizado<\/span><\/p>\n<\/p>\n<p><span class=\"text1noticias\">La fiscal precis\u00f3 que el caso del desfalco tiene todas las caracter\u00edsticas de criminalidad organizada.<\/span><\/p>\n<p><span class=\"text1noticias\">En ese orden, explic\u00f3 que no concibe que actualmente haya cientos de personas en las c\u00e1rceles por delitos de menor magnitud que los cometidos por los imputados.<\/span><\/p>\n<\/p>\n<p><span class=\"text1noticias\">La sala penal de Apelaci\u00f3n de Santiago, acogi\u00f3 el pedido de la defensa de los imputados, de la direcci\u00f3n de Aduanas y de la Procuradur\u00eda de Corte de Apelaci\u00f3n, alegando que se trataba de un delito econ\u00f3mico. <\/span><\/p>\n<\/p>\n<h6> 2010-08-31 22:06:00 <\/h6>\n<p><!--\n<link rel=\"stylesheet\" href=\"css\/bootstrap.min.css\">\n\n\n<ul class=\"pagination\">\n\t    \n\t\n\n<li >\n\t<a href='?page_no=31419'>Previous<\/a>\n\t<\/li>\n\n\n       \n    \n\n<li><a href='?page_no=1'>1<\/a><\/li>\n\n\n\n<li><a href='?page_no=2'>2<\/a><\/li>\n\n\n\n<li><a>...<\/a><\/li>\n\n\n\n<li><a href='?page_no=31418'>31418<\/a><\/li>\n\n\n\n<li><a href='?page_no=31419'>31419<\/a><\/li>\n\n\n\n<li class='active'><a>31420<\/a><\/li>\n\n\n\n<li><a href='?page_no=31421'>31421<\/a><\/li>\n\n\n\n<li><a href='?page_no=31422'>31422<\/a><\/li>\n\n\n\n<li><a>...<\/a><\/li>\n\n\n\n<li><a href='?page_no=31963'>31963<\/a><\/li>\n\n\n\n<li><a href='?page_no=31964'>31964<\/a><\/li>\n\n    \n\t\n\n<li >\n\t<a href='?page_no=31421'>Next<\/a>\n\t<\/li>\n\n\n    \n\n<li><a href='?page_no=31964'>Last &rsaquo;&rsaquo;<\/a><\/li>\n\n<\/ul>\n\n\n--><br \/>\n<\/body><\/p>\n","protected":false},"excerpt":{"rendered":"<p>Santo Domingo.-La fiscal de Santiago, Jenny Berenice Reynoso, confirm\u00f3 que la representante del Ministerio P\u00fablico que pidi\u00f3 variar la medida de coerci\u00f3n contra los acusados del fraude por m\u00e1s de 100 millones de pesos contra la Direcci\u00f3n General de Aduanas tiene un hijo que trabaja en esa instituci\u00f3n. Berenice Reynoso dijo que el hijo de [&hellip;]<\/p>\n","protected":false},"author":3,"featured_media":0,"comment_status":"open","ping_status":"open","sticky":false,"template":"","format":"standard","meta":{"footnotes":""},"categories":[24],"tags":[],"class_list":["post-156252","post","type-post","status-publish","format-standard","hentry","category-justicia-y-derecho"],"_links":{"self":[{"href":"https:\/\/diariodominicano.com\/index.php?rest_route=\/wp\/v2\/posts\/156252","targetHints":{"allow":["GET"]}}],"collection":[{"href":"https:\/\/diariodominicano.com\/index.php?rest_route=\/wp\/v2\/posts"}],"about":[{"href":"https:\/\/diariodominicano.com\/index.php?rest_route=\/wp\/v2\/types\/post"}],"author":[{"embeddable":true,"href":"https:\/\/diariodominicano.com\/index.php?rest_route=\/wp\/v2\/users\/3"}],"replies":[{"embeddable":true,"href":"https:\/\/diariodominicano.com\/index.php?rest_route=%2Fwp%2Fv2%2Fcomments&post=156252"}],"version-history":[{"count":0,"href":"https:\/\/diariodominicano.com\/index.php?rest_route=\/wp\/v2\/posts\/156252\/revisions"}],"wp:attachment":[{"href":"https:\/\/diariodominicano.com\/index.php?rest_route=%2Fwp%2Fv2%2Fmedia&parent=156252"}],"wp:term":[{"taxonomy":"category","embeddable":true,"href":"https:\/\/diariodominicano.com\/index.php?rest_route=%2Fwp%2Fv2%2Fcategories&post=156252"},{"taxonomy":"post_tag","embeddable":true,"href":"https:\/\/diariodominicano.com\/index.php?rest_route=%2Fwp%2Fv2%2Ftags&post=156252"}],"curies":[{"name":"wp","href":"https:\/\/api.w.org\/{rel}","templated":true}]}}