{"id":156251,"date":"2010-08-31T22:21:59","date_gmt":"2010-08-31T22:21:59","guid":{"rendered":"http:\/\/diariodominicano.ddns.net\/?p=156251"},"modified":"2010-08-31T22:21:59","modified_gmt":"2010-08-31T22:21:59","slug":"salud-publica-hace-efectivo-aumento-salarios-de-sus-empleados","status":"publish","type":"post","link":"https:\/\/diariodominicano.com\/?p=156251","title":{"rendered":"&#13;Salud P\u00fablica hace efectivo aumento salarios de sus empleados"},"content":{"rendered":"<p><body><\/p>\n<p><img decoding=\"async\" src=\"img3\/bauta.jpg\" \/>  <\/p>\n<\/p>\n<p><span class=\"text1noticias\">Santo Domingo.-El Ministerio de Salud P\u00fablica inform\u00f3 que en el d\u00eda de hoy la mayor\u00eda de los empleados de esa cartera comenzaron a recibir su sueldo con el aumento de un 15 por ciento que dispuso el Gobierno. <\/span><\/p>\n<\/p>\n<p><span class=\"text1noticias\">El ministro de Salud, Bautista Rojas G\u00f3mez  dijo que  el pago correspondiente al mes de agosto se realiza con retraso debido a que se hicieron reajustes en las n\u00f3minas.<\/span><\/p>\n<\/p>\n<p><span class=\"text1noticias\">Dijo que espera concluir el pago a los m\u00e9dicos, enfermeras, bioanalistas, psic\u00f3logos, odont\u00f3logos, t\u00e9cnicos y personal administrativo a m\u00e1s tardar este jueves. <\/span><\/p>\n<\/p>\n<p><span class=\"text1noticias\"> \u00abAfortunadamente hoy podemos anunciarles a m\u00e9dicos, enfermeras, bioanalistas, psic\u00f3logos, farmac\u00e9uticos  y a los dem\u00e1s integrantes del sector salud que ya el pago ha comenzado a realizarse\u00bb, expres\u00f3.<\/span><\/p>\n<\/p>\n<h6> 2010-08-31 22:21:59 <\/h6>\n<p><!--\n<link rel=\"stylesheet\" href=\"css\/bootstrap.min.css\">\n\n\n<ul class=\"pagination\">\n\t    \n\t\n\n<li >\n\t<a href='?page_no=31418'>Previous<\/a>\n\t<\/li>\n\n\n       \n    \n\n<li><a href='?page_no=1'>1<\/a><\/li>\n\n\n\n<li><a href='?page_no=2'>2<\/a><\/li>\n\n\n\n<li><a>...<\/a><\/li>\n\n\n\n<li><a href='?page_no=31417'>31417<\/a><\/li>\n\n\n\n<li><a href='?page_no=31418'>31418<\/a><\/li>\n\n\n\n<li class='active'><a>31419<\/a><\/li>\n\n\n\n<li><a href='?page_no=31420'>31420<\/a><\/li>\n\n\n\n<li><a href='?page_no=31421'>31421<\/a><\/li>\n\n\n\n<li><a>...<\/a><\/li>\n\n\n\n<li><a href='?page_no=31963'>31963<\/a><\/li>\n\n\n\n<li><a href='?page_no=31964'>31964<\/a><\/li>\n\n    \n\t\n\n<li >\n\t<a href='?page_no=31420'>Next<\/a>\n\t<\/li>\n\n\n    \n\n<li><a href='?page_no=31964'>Last &rsaquo;&rsaquo;<\/a><\/li>\n\n<\/ul>\n\n\n--><br \/>\n<\/body><\/p>\n","protected":false},"excerpt":{"rendered":"<p>Santo Domingo.-El Ministerio de Salud P\u00fablica inform\u00f3 que en el d\u00eda de hoy la mayor\u00eda de los empleados de esa cartera comenzaron a recibir su sueldo con el aumento de un 15 por ciento que dispuso el Gobierno. El ministro de Salud, Bautista Rojas G\u00f3mez dijo que el pago correspondiente al mes de agosto se [&hellip;]<\/p>\n","protected":false},"author":3,"featured_media":0,"comment_status":"open","ping_status":"open","sticky":false,"template":"","format":"standard","meta":{"footnotes":""},"categories":[24],"tags":[],"class_list":["post-156251","post","type-post","status-publish","format-standard","hentry","category-justicia-y-derecho"],"_links":{"self":[{"href":"https:\/\/diariodominicano.com\/index.php?rest_route=\/wp\/v2\/posts\/156251","targetHints":{"allow":["GET"]}}],"collection":[{"href":"https:\/\/diariodominicano.com\/index.php?rest_route=\/wp\/v2\/posts"}],"about":[{"href":"https:\/\/diariodominicano.com\/index.php?rest_route=\/wp\/v2\/types\/post"}],"author":[{"embeddable":true,"href":"https:\/\/diariodominicano.com\/index.php?rest_route=\/wp\/v2\/users\/3"}],"replies":[{"embeddable":true,"href":"https:\/\/diariodominicano.com\/index.php?rest_route=%2Fwp%2Fv2%2Fcomments&post=156251"}],"version-history":[{"count":0,"href":"https:\/\/diariodominicano.com\/index.php?rest_route=\/wp\/v2\/posts\/156251\/revisions"}],"wp:attachment":[{"href":"https:\/\/diariodominicano.com\/index.php?rest_route=%2Fwp%2Fv2%2Fmedia&parent=156251"}],"wp:term":[{"taxonomy":"category","embeddable":true,"href":"https:\/\/diariodominicano.com\/index.php?rest_route=%2Fwp%2Fv2%2Fcategories&post=156251"},{"taxonomy":"post_tag","embeddable":true,"href":"https:\/\/diariodominicano.com\/index.php?rest_route=%2Fwp%2Fv2%2Ftags&post=156251"}],"curies":[{"name":"wp","href":"https:\/\/api.w.org\/{rel}","templated":true}]}}