{"id":156250,"date":"2010-08-31T22:37:12","date_gmt":"2010-08-31T22:37:12","guid":{"rendered":"http:\/\/diariodominicano.ddns.net\/?p=156250"},"modified":"2010-08-31T22:37:12","modified_gmt":"2010-08-31T22:37:12","slug":"jefe-pn-recibe-apoyo-de-ex-titulares","status":"publish","type":"post","link":"https:\/\/diariodominicano.com\/?p=156250","title":{"rendered":"&#13;Jefe PN recibe apoyo de ex-titulares"},"content":{"rendered":"<p><body><\/p>\n<p><img decoding=\"async\" src=\"http:\/\/localhost:8080\/justiciayderecho\/img3\/polanco gomez.jpg\" \/>  <\/p>\n<p><span class=\"text1noticias\">Santo Domingo.-Una comisi\u00f3n de ex jefes de la Polic\u00eda Nacional visit\u00f3 este martes  al actual titular de la  instituci\u00f3n del orden, mayor general Jos\u00e9 A. Polanco G\u00f3mez, a quien le manifestaron su apoyo e intercambiaron ideas relativas al efectivo accionar policial para prevenir acciones delictivas, con apego a la Constituci\u00f3n y las leyes. <\/span><\/p>\n<\/p>\n<p><span class=\"text1noticias\">\u00abNuestros principal objetivo es fortalecer las \u00e1reas preventivas, para as\u00ed garantizar mayores niveles de seguridad ciudadana en todo el territorio nacional\u00bb, garantiz\u00f3 el mayor general Polanco G\u00f3mez a los ex jefes policiales que le visitaron en su despacho del Palacio de la Polic\u00eda.<\/span><\/p>\n<\/p>\n<p><span class=\"text1noticias\">De igual manera, el jefe policial sostuvo que mantiene un monitoreo constante de las actuaciones del personal bajo su mando, para evitar que estos incurran en excesos innecesarios.<\/span><\/p>\n<\/p>\n<p><span class=\"text1noticias\">\u00abLo principal es proteger vidas y propiedades, pero esta sagrada misi\u00f3n debe estar sujeta a la prudencia y el respeto a la vida de los ciudadanos\u00bb, precis\u00f3.  <\/span><\/p>\n<\/p>\n<p><span class=\"text1noticias\">\u00abLos visitantes distinguidos\u00bb como los defini\u00f3 el mayor general Polanco G\u00f3mez, le expresaron satisfacci\u00f3n por su designaci\u00f3n y le pidieron actuar dentro del marco de respeto a la Constituci\u00f3n, las leyes y los derechos humanos.  <\/span><\/p>\n<\/p>\n<p><span class=\"text1noticias\">Los mayores generales que estuvieron presentes son Rafael Guillermo Guzm\u00e1n Acosta, Robins\u00f3n Brea Garro, Jos\u00e9 de Jes\u00fas Morillo L\u00f3pez, Jos\u00e9 Paulino Reyes de Le\u00f3n, Jos\u00e9 F\u00e9lix Hermida Gonz\u00e1lez, Rafael del Socorro Payamps, Juan Jos\u00e9 Rodr\u00edguez Ortiz, Rafael Antonio Tejeda B\u00e1ez, Jos\u00e9 Ram\u00f3n Mota Paulino, Ram\u00f3n Alcides Rodr\u00edguez Arias, Luis Alberto N\u00fa\u00f1ez Guzm\u00e1n, Antonio Segundo Imbert Tes\u00f3n y Benito Monci\u00f3n Leonardo. <\/span><\/p>\n<\/p>\n<h6> 2010-08-31 22:37:12 <\/h6>\n<p><!--\n<link rel=\"stylesheet\" href=\"css\/bootstrap.min.css\">\n\n\n<ul class=\"pagination\">\n\t    \n\t\n\n<li >\n\t<a href='?page_no=31417'>Previous<\/a>\n\t<\/li>\n\n\n       \n    \n\n<li><a href='?page_no=1'>1<\/a><\/li>\n\n\n\n<li><a href='?page_no=2'>2<\/a><\/li>\n\n\n\n<li><a>...<\/a><\/li>\n\n\n\n<li><a href='?page_no=31416'>31416<\/a><\/li>\n\n\n\n<li><a href='?page_no=31417'>31417<\/a><\/li>\n\n\n\n<li class='active'><a>31418<\/a><\/li>\n\n\n\n<li><a href='?page_no=31419'>31419<\/a><\/li>\n\n\n\n<li><a href='?page_no=31420'>31420<\/a><\/li>\n\n\n\n<li><a>...<\/a><\/li>\n\n\n\n<li><a href='?page_no=31963'>31963<\/a><\/li>\n\n\n\n<li><a href='?page_no=31964'>31964<\/a><\/li>\n\n    \n\t\n\n<li >\n\t<a href='?page_no=31419'>Next<\/a>\n\t<\/li>\n\n\n    \n\n<li><a href='?page_no=31964'>Last &rsaquo;&rsaquo;<\/a><\/li>\n\n<\/ul>\n\n\n--><br \/>\n<\/body><\/p>\n","protected":false},"excerpt":{"rendered":"<p>Santo Domingo.-Una comisi\u00f3n de ex jefes de la Polic\u00eda Nacional visit\u00f3 este martes al actual titular de la instituci\u00f3n del orden, mayor general Jos\u00e9 A. Polanco G\u00f3mez, a quien le manifestaron su apoyo e intercambiaron ideas relativas al efectivo accionar policial para prevenir acciones delictivas, con apego a la Constituci\u00f3n y las leyes. \u00abNuestros principal [&hellip;]<\/p>\n","protected":false},"author":3,"featured_media":0,"comment_status":"open","ping_status":"open","sticky":false,"template":"","format":"standard","meta":{"footnotes":""},"categories":[24],"tags":[],"class_list":["post-156250","post","type-post","status-publish","format-standard","hentry","category-justicia-y-derecho"],"_links":{"self":[{"href":"https:\/\/diariodominicano.com\/index.php?rest_route=\/wp\/v2\/posts\/156250","targetHints":{"allow":["GET"]}}],"collection":[{"href":"https:\/\/diariodominicano.com\/index.php?rest_route=\/wp\/v2\/posts"}],"about":[{"href":"https:\/\/diariodominicano.com\/index.php?rest_route=\/wp\/v2\/types\/post"}],"author":[{"embeddable":true,"href":"https:\/\/diariodominicano.com\/index.php?rest_route=\/wp\/v2\/users\/3"}],"replies":[{"embeddable":true,"href":"https:\/\/diariodominicano.com\/index.php?rest_route=%2Fwp%2Fv2%2Fcomments&post=156250"}],"version-history":[{"count":0,"href":"https:\/\/diariodominicano.com\/index.php?rest_route=\/wp\/v2\/posts\/156250\/revisions"}],"wp:attachment":[{"href":"https:\/\/diariodominicano.com\/index.php?rest_route=%2Fwp%2Fv2%2Fmedia&parent=156250"}],"wp:term":[{"taxonomy":"category","embeddable":true,"href":"https:\/\/diariodominicano.com\/index.php?rest_route=%2Fwp%2Fv2%2Fcategories&post=156250"},{"taxonomy":"post_tag","embeddable":true,"href":"https:\/\/diariodominicano.com\/index.php?rest_route=%2Fwp%2Fv2%2Ftags&post=156250"}],"curies":[{"name":"wp","href":"https:\/\/api.w.org\/{rel}","templated":true}]}}