{"id":156249,"date":"2010-08-31T22:42:21","date_gmt":"2010-08-31T22:42:21","guid":{"rendered":"http:\/\/diariodominicano.ddns.net\/?p=156249"},"modified":"2010-08-31T22:42:21","modified_gmt":"2010-08-31T22:42:21","slug":"las-antillas-menores-respiran-con-alivio-tras-el-paso-del-huracan-earl","status":"publish","type":"post","link":"https:\/\/diariodominicano.com\/?p=156249","title":{"rendered":"Las Antillas menores respiran con alivio tras el paso del hurac\u00e1n Earl"},"content":{"rendered":"<p><body><\/p>\n<p><img decoding=\"async\" src=\"http:\/\/localhost:8080\/justiciayderecho\/img3\/OjoHuracan300810.jpg\" \/>  <\/p>\n<\/p>\n<\/p>\n<p><span class=\"text1noticias\">Miami (EE.UU.).- Las Antillas Menores, Puerto Rico y la isla La Espa\u00f1ola respiran hoy con alivio al comprobar que el poderoso hurac\u00e1n Earl, de categor\u00eda 4, se aleja del Caribe sin causar grandes da\u00f1os, aunque s\u00ed provoc\u00f3 un gran susto por su enorme peligrosidad.<\/span><\/p>\n<\/p>\n<p><span class=\"text1noticias\"> Por fortuna para los pa\u00edses caribe\u00f1os, el cicl\u00f3n mantuvo una trayectoria noroeste que evit\u00f3 el impacto directo sobre las peque\u00f1as islas, lo que habr\u00eda sido devastador, especialmente para Hait\u00ed, que a\u00fan no se ha recuperado de los estragos del terremoto registrado en enero pasado.<\/span><\/p>\n<\/p>\n<p><span class=\"text1noticias\">En Hait\u00ed, unas 700.000 personas permanecen todav\u00eda sin hogar en las calles, principalmente en la capital, Puerto Pr\u00edncipe.<\/span><\/p>\n<\/p>\n<p><span class=\"text1noticias\">Los vientos y las bandas de lluvias asociados a \u00abEarl\u00bb obligaron en la Rep\u00fablica Dominicana (ubicada, junto a Hait\u00ed, en La Espa\u00f1ola) a la evacuaci\u00f3n de unas 270 personas, que fueron acogidas en refugios oficiales y en residencias de familiares y amigos.<\/span><\/p>\n<\/p>\n<p><span class=\"text1noticias\">En Puerto Rico, el hurac\u00e1n arroj\u00f3 intensas lluvias que causaron inundaciones y el corte de carreteras y del servicio el\u00e9ctrico en algunas zonas del pa\u00eds.<\/span><\/p>\n<\/p>\n<p><span class=\"text1noticias\">En total, unos 200.000 usuarios permanec\u00edan sin servicio el\u00e9ctrico en Puerto Rico, 33.000 m\u00e1s sin agua, y se han contabilizado unos 122 refugiados y 15 carreteras principales cerradas.<\/span><\/p>\n<\/p>\n<p><span class=\"text1noticias\">En Antigua y Barbuda, en las Antillas Menores, hubo problemas con el suministro de electricidad y unas 200 personas fueron acogidas en los refugios que las autoridades habilitaron ante la amenaza del hurac\u00e1n.<\/span><\/p>\n<\/p>\n<p><span class=\"text1noticias\">Ahora, el peligroso \u00abEarl\u00bb enfila hacia la costa de Carolina del Norte (EE.UU.), donde podr\u00eda impactar \u00abel pr\u00f3ximo jueves por la noche o la madrugada del viernes\u00bb, dijo a Efe Daniel Brown, especialista en ciclones del Centro Nacional de Huracanes (CNH) de Estados Unidos.<\/span><\/p>\n<\/p>\n<p><span class=\"text1noticias\">No obstante, el meteor\u00f3logo explic\u00f3 que a\u00fan es \u00abmuy pronto\u00bb para determinar si el ojo del hurac\u00e1n impactar\u00e1 en Carolina del Norte, en la costa este de EE.UU., y exactamente d\u00f3nde lo har\u00e1, aunque \u00abpasar\u00e1 muy cerca\u00bb.<\/span><\/p>\n<\/p>\n<p><span class=\"text1noticias\">Seg\u00fan inform\u00f3 hoy la Agencia Federal para la Gesti\u00f3n de Emergencias (FEMA) y el CNH, equipos de emergencia ya se han desplazado a ese estado.<\/span><\/p>\n<\/p>\n<p><span class=\"text1noticias\">Craig Fugate, director de FEMA, destac\u00f3 en una conferencia telef\u00f3nica que hoy mismo se ha dispuesto un plan para que las familias est\u00e9n preparadas para evacuar, aunque las decisiones de abandonar los hogares ser\u00e1n hechas por organismos locales, apunt\u00f3.<\/span><\/p>\n<\/p>\n<p><span class=\"text1noticias\">Con vientos m\u00e1ximos sostenidos de 215 kil\u00f3metros por hora, \u00abEarl\u00bb prosigue en el Atl\u00e1ntico con una trayectoria noroeste y prepara ahora su asalto a la costa de Carolina del Norte, seg\u00fan las proyecciones del CNH, con sede en Miami.<\/span><\/p>\n<\/p>\n<p><span class=\"text1noticias\">Los meteor\u00f3logos del CNH indicaron en su \u00faltimo bolet\u00edn que el cicl\u00f3n se encuentra a 1.675 kil\u00f3metros al sur-sureste de Cabo Hatteras, en Carolina del Norte.<\/span><\/p>\n<\/p>\n<p><span class=\"text1noticias\">El director del CNH, Bill Read, indic\u00f3 que el cono de trayectoria de \u00abEarl\u00bb muestra que se acercar\u00e1 a la costa en los pr\u00f3ximos dos d\u00edas y el jueves podr\u00eda acelerar su potencia y seguir hacia el noreste.<\/span><\/p>\n<\/p>\n<p><span class=\"text1noticias\">\u00abSi (las predicciones) se cumplen, el hurac\u00e1n se mantendr\u00e1 en paralelo a la costa. Hay cierta preocupaci\u00f3n de que se acerque a Carolina del Norte el jueves por la noche\u00bb, indic\u00f3 Read.<\/span><\/p>\n<\/p>\n<p><span class=\"text1noticias\">Es muy importante, resalt\u00f3 por su parte Brown, que la \u00abpoblaci\u00f3n residente en la costa de Carolina del Norte cuente con suministros y tenga hechos los preparativos ante la amenaza de &#8216;Earl'\u00bb.<\/span><\/p>\n<\/p>\n<p><span class=\"text1noticias\">Brown subray\u00f3 que, \u00abde golpear finalmente \u00abEarl\u00bb la costa de Carolina del Norte, lo har\u00eda probablemente como hurac\u00e1n de categor\u00eda mayor\u00bb, tres, cuatro o cinco (la m\u00e1xima) en la escala de intensidad Saffir-Simpson.<\/span><\/p>\n<\/p>\n<p><span class=\"text1noticias\">Mientras el hurac\u00e1n avanza hacia la costa estadounidense, otra tormenta tropical a sus espaldas, \u00abFiona\u00bb, se mueve \u00abm\u00e1s r\u00e1pidamente\u00bb que en los \u00faltimos d\u00edas con vientos de 65 kil\u00f3metros por hora y se espera que tal vez afecte a Bermudas el pr\u00f3ximo s\u00e1bado.<\/span><\/p>\n<\/p>\n<p><span class=\"text1noticias\">La temporada cicl\u00f3nica del Atl\u00e1ntico comenz\u00f3 el 1 de junio y finaliza el 30 de noviembre.<\/span><\/p>\n<\/p>\n<p><span class=\"text1noticias\">Hasta el momento este a\u00f1o se han formado seis tormentas tropicales, incluyendo a \u00abFiona\u00bb, y tres huracanes, dos de ellos, \u00abDanielle\u00bb y \u00abEarl\u00bb, de categor\u00eda 4 en la escala de intensidad Saffir-Simpson, de un m\u00e1ximo de 5. <\/span><\/p>\n<h6> 2010-08-31 22:42:21 <\/h6>\n<p><!--\n<link rel=\"stylesheet\" href=\"css\/bootstrap.min.css\">\n\n\n<ul class=\"pagination\">\n\t    \n\t\n\n<li >\n\t<a href='?page_no=31416'>Previous<\/a>\n\t<\/li>\n\n\n       \n    \n\n<li><a href='?page_no=1'>1<\/a><\/li>\n\n\n\n<li><a href='?page_no=2'>2<\/a><\/li>\n\n\n\n<li><a>...<\/a><\/li>\n\n\n\n<li><a href='?page_no=31415'>31415<\/a><\/li>\n\n\n\n<li><a href='?page_no=31416'>31416<\/a><\/li>\n\n\n\n<li class='active'><a>31417<\/a><\/li>\n\n\n\n<li><a href='?page_no=31418'>31418<\/a><\/li>\n\n\n\n<li><a href='?page_no=31419'>31419<\/a><\/li>\n\n\n\n<li><a>...<\/a><\/li>\n\n\n\n<li><a href='?page_no=31963'>31963<\/a><\/li>\n\n\n\n<li><a href='?page_no=31964'>31964<\/a><\/li>\n\n    \n\t\n\n<li >\n\t<a href='?page_no=31418'>Next<\/a>\n\t<\/li>\n\n\n    \n\n<li><a href='?page_no=31964'>Last &rsaquo;&rsaquo;<\/a><\/li>\n\n<\/ul>\n\n\n--><br \/>\n<\/body><\/p>\n","protected":false},"excerpt":{"rendered":"<p>Miami (EE.UU.).- Las Antillas Menores, Puerto Rico y la isla La Espa\u00f1ola respiran hoy con alivio al comprobar que el poderoso hurac\u00e1n Earl, de categor\u00eda 4, se aleja del Caribe sin causar grandes da\u00f1os, aunque s\u00ed provoc\u00f3 un gran susto por su enorme peligrosidad. Por fortuna para los pa\u00edses caribe\u00f1os, el cicl\u00f3n mantuvo una trayectoria [&hellip;]<\/p>\n","protected":false},"author":3,"featured_media":0,"comment_status":"open","ping_status":"open","sticky":false,"template":"","format":"standard","meta":{"footnotes":""},"categories":[24],"tags":[],"class_list":["post-156249","post","type-post","status-publish","format-standard","hentry","category-justicia-y-derecho"],"_links":{"self":[{"href":"https:\/\/diariodominicano.com\/index.php?rest_route=\/wp\/v2\/posts\/156249","targetHints":{"allow":["GET"]}}],"collection":[{"href":"https:\/\/diariodominicano.com\/index.php?rest_route=\/wp\/v2\/posts"}],"about":[{"href":"https:\/\/diariodominicano.com\/index.php?rest_route=\/wp\/v2\/types\/post"}],"author":[{"embeddable":true,"href":"https:\/\/diariodominicano.com\/index.php?rest_route=\/wp\/v2\/users\/3"}],"replies":[{"embeddable":true,"href":"https:\/\/diariodominicano.com\/index.php?rest_route=%2Fwp%2Fv2%2Fcomments&post=156249"}],"version-history":[{"count":0,"href":"https:\/\/diariodominicano.com\/index.php?rest_route=\/wp\/v2\/posts\/156249\/revisions"}],"wp:attachment":[{"href":"https:\/\/diariodominicano.com\/index.php?rest_route=%2Fwp%2Fv2%2Fmedia&parent=156249"}],"wp:term":[{"taxonomy":"category","embeddable":true,"href":"https:\/\/diariodominicano.com\/index.php?rest_route=%2Fwp%2Fv2%2Fcategories&post=156249"},{"taxonomy":"post_tag","embeddable":true,"href":"https:\/\/diariodominicano.com\/index.php?rest_route=%2Fwp%2Fv2%2Ftags&post=156249"}],"curies":[{"name":"wp","href":"https:\/\/api.w.org\/{rel}","templated":true}]}}