{"id":156247,"date":"2010-09-01T13:04:51","date_gmt":"2010-09-01T13:04:51","guid":{"rendered":"http:\/\/diariodominicano.ddns.net\/?p=156247"},"modified":"2010-09-01T13:04:51","modified_gmt":"2010-09-01T13:04:51","slug":"huracan-earl-pierde-fuerza-mientras-avanza-por-el-atlantico","status":"publish","type":"post","link":"https:\/\/diariodominicano.com\/?p=156247","title":{"rendered":"Hurac\u00e1n Earl pierde fuerza mientras avanza por el Atl\u00e1ntico"},"content":{"rendered":"<p><body><\/p>\n<p><img decoding=\"async\" src=\"http:\/\/localhost:8080\/justiciayderecho\/img3\/HuracanEarl..2.jpg\" \/>  <\/p>\n<p><span class=\"text1noticias\">La Habana.- 1 sep (PL) El hurac\u00e1n Earl perdi\u00f3 en intensidad y se clasifica como categor\u00eda tres, con vientos m\u00e1ximos sostenidos de 205 kil\u00f3metros por hora, inform\u00f3 hoy el Instituto de Meteorolog\u00eda de Cuba (INSMET).<\/span><\/p>\n<\/p>\n<p><span class=\"text1noticias\">El meteoro mantiene un rumbo hacia el noroeste a 26 kil\u00f3metros por hora, y a las 06.00 hora local su centro fue estimado en 24,2 grados de latitud Norte y 71,4 grados de longitud Oeste, a unos 300 kil\u00f3metros al Norte de las Islas Turcas, en Las Bahamas meridionales.<\/span><\/p>\n<\/p>\n<p><span class=\"text1noticias\">El INSMET pronostica que durante las pr\u00f3ximas 12 a 24 horas pasar\u00e1 al Este de Las Bahamas y que tenga fluctuaciones en su intensidad.<\/span><\/p>\n<\/p>\n<p><span class=\"text1noticias\">En tanto, la tormenta tropical Fiona, con vientos m\u00e1ximos sostenidos de 75 kil\u00f3metros por hora y con rachas superiores, se encuentra al Este del Arco de las Antillas Menores.<\/span><\/p>\n<\/p>\n<p><span class=\"text1noticias\">A las 06.00 hora local el centro de la tormenta se ubic\u00f3 en 17,5 grados de latitud Norte y 60,4 grados de longitud Oeste, a unos 150 kil\u00f3metros al Este de la isla de Barbuda, grupo Norte de las Antillas Menores.<\/span><\/p>\n<\/p>\n<p><span class=\"text1noticias\">El INSMET indic\u00f3 que durante las pr\u00f3ximas 24 a 48 horas, el sistema inclinar\u00e1 su trayectoria hacia el Noroeste, con posibilidades de ganar algo m\u00e1s en organizaci\u00f3n e intensidad.<\/span><\/p>\n<\/p>\n<h6> 2010-09-01 13:04:51 <\/h6>\n<p><!--\n<link rel=\"stylesheet\" href=\"css\/bootstrap.min.css\">\n\n\n<ul class=\"pagination\">\n\t    \n\t\n\n<li >\n\t<a href='?page_no=31414'>Previous<\/a>\n\t<\/li>\n\n\n       \n    \n\n<li><a href='?page_no=1'>1<\/a><\/li>\n\n\n\n<li><a href='?page_no=2'>2<\/a><\/li>\n\n\n\n<li><a>...<\/a><\/li>\n\n\n\n<li><a href='?page_no=31413'>31413<\/a><\/li>\n\n\n\n<li><a href='?page_no=31414'>31414<\/a><\/li>\n\n\n\n<li class='active'><a>31415<\/a><\/li>\n\n\n\n<li><a href='?page_no=31416'>31416<\/a><\/li>\n\n\n\n<li><a href='?page_no=31417'>31417<\/a><\/li>\n\n\n\n<li><a>...<\/a><\/li>\n\n\n\n<li><a href='?page_no=31963'>31963<\/a><\/li>\n\n\n\n<li><a href='?page_no=31964'>31964<\/a><\/li>\n\n    \n\t\n\n<li >\n\t<a href='?page_no=31416'>Next<\/a>\n\t<\/li>\n\n\n    \n\n<li><a href='?page_no=31964'>Last &rsaquo;&rsaquo;<\/a><\/li>\n\n<\/ul>\n\n\n--><br \/>\n<\/body><\/p>\n","protected":false},"excerpt":{"rendered":"<p>La Habana.- 1 sep (PL) El hurac\u00e1n Earl perdi\u00f3 en intensidad y se clasifica como categor\u00eda tres, con vientos m\u00e1ximos sostenidos de 205 kil\u00f3metros por hora, inform\u00f3 hoy el Instituto de Meteorolog\u00eda de Cuba (INSMET). El meteoro mantiene un rumbo hacia el noroeste a 26 kil\u00f3metros por hora, y a las 06.00 hora local su [&hellip;]<\/p>\n","protected":false},"author":3,"featured_media":0,"comment_status":"open","ping_status":"open","sticky":false,"template":"","format":"standard","meta":{"footnotes":""},"categories":[24],"tags":[],"class_list":["post-156247","post","type-post","status-publish","format-standard","hentry","category-justicia-y-derecho"],"_links":{"self":[{"href":"https:\/\/diariodominicano.com\/index.php?rest_route=\/wp\/v2\/posts\/156247","targetHints":{"allow":["GET"]}}],"collection":[{"href":"https:\/\/diariodominicano.com\/index.php?rest_route=\/wp\/v2\/posts"}],"about":[{"href":"https:\/\/diariodominicano.com\/index.php?rest_route=\/wp\/v2\/types\/post"}],"author":[{"embeddable":true,"href":"https:\/\/diariodominicano.com\/index.php?rest_route=\/wp\/v2\/users\/3"}],"replies":[{"embeddable":true,"href":"https:\/\/diariodominicano.com\/index.php?rest_route=%2Fwp%2Fv2%2Fcomments&post=156247"}],"version-history":[{"count":0,"href":"https:\/\/diariodominicano.com\/index.php?rest_route=\/wp\/v2\/posts\/156247\/revisions"}],"wp:attachment":[{"href":"https:\/\/diariodominicano.com\/index.php?rest_route=%2Fwp%2Fv2%2Fmedia&parent=156247"}],"wp:term":[{"taxonomy":"category","embeddable":true,"href":"https:\/\/diariodominicano.com\/index.php?rest_route=%2Fwp%2Fv2%2Fcategories&post=156247"},{"taxonomy":"post_tag","embeddable":true,"href":"https:\/\/diariodominicano.com\/index.php?rest_route=%2Fwp%2Fv2%2Ftags&post=156247"}],"curies":[{"name":"wp","href":"https:\/\/api.w.org\/{rel}","templated":true}]}}