{"id":156245,"date":"2010-09-01T14:26:38","date_gmt":"2010-09-01T14:26:38","guid":{"rendered":"http:\/\/diariodominicano.ddns.net\/?p=156245"},"modified":"2010-09-01T14:26:38","modified_gmt":"2010-09-01T14:26:38","slug":"reformistas-conmemoran-el-104-natalicio-de-joaquin-balaguer","status":"publish","type":"post","link":"https:\/\/diariodominicano.com\/?p=156245","title":{"rendered":"Reformistas conmemoran  el 104 natalicio de Joaqu\u00edn Balaguer"},"content":{"rendered":"<p><body><\/p>\n<p><img decoding=\"async\" src=\"img3\/balaguer.jpg\" \/>  <\/p>\n<p><span class=\"text1noticias\">Santo Domingo, RD.- 01 Sept, El Partido Reformista Social Cristiano (PRSC) conmemor\u00f3 este mi\u00e9rcoles 1 de septiembre con diferentes actividades el 104 aniversario del natalicio del ex presidente Joaqu\u00edn Balaguer.<\/span><\/p>\n<\/p>\n<p><span class=\"text1noticias\">A  las diez de esta ma\u00f1ana fue depositada  una ofrenda floral en el mausoleo, en el cementerio Cristo Redentor, donde reposan los restos del fenecido l\u00edder reformista.<\/span><\/p>\n<\/p>\n<p><span class=\"text1noticias\"> Para las 5:00 de esta tarde se tiene programada una misa en la capilla de la Universidad Cat\u00f3lica Santo Domingo (UCSD), de la avenida Bol\u00edvar, de la Capital, en donde participar\u00e1n las principales autoridades del partido colorao.<\/span><\/p>\n<\/p>\n<p><span class=\"text1noticias\">Asimismo, se celebrar\u00e1 una tertulia sobre la vida de Joaqu\u00edn Balaguer en la librer\u00eda Cuesta, de la Capital, en la que participar\u00e1n connotados dirigentes reformistas. Esta actividad es auspiciada por la Fundaci\u00f3n Joaqu\u00edn Balaguer.<\/span><\/p>\n<\/p>\n<p><span class=\"text1noticias\">El extinto l\u00edder reformista falleci\u00f3 en Santo Domingo el 14 de julio 2002 a la edad de 94 a\u00f1os. El siete veces presidente de la Rep\u00fablica, estudi\u00f3 en la Universidad Aut\u00f3noma de Santo Domingo (UASD), donde se gradu\u00f3 de abogado y tiempo despu\u00e9s fue profesor e imparti\u00f3 la C\u00e1tedra de Derecho Constitucional en la universidad Estatal.<\/span><\/p>\n<\/p>\n<p><span class=\"text1noticias\">Se jurament\u00f3 Presidente Constitucional por primera vez a la edad de 59 a\u00f1os, el 1ro de julio de 1966, luego en el 1970 hasta 1974, despu\u00e9s 1974- 1978, luego retorn\u00f3 en el 1986 hasta 1990 y despu\u00e9s 1990 hasta 1994 y por ultimo hasta 1996 porque el per\u00edodo fue recortado en dos a\u00f1os<\/span><\/p>\n<\/p>\n<h6> 2010-09-01 14:26:38 <\/h6>\n<p><!--\n<link rel=\"stylesheet\" href=\"css\/bootstrap.min.css\">\n\n\n<ul class=\"pagination\">\n\t    \n\t\n\n<li >\n\t<a href='?page_no=31412'>Previous<\/a>\n\t<\/li>\n\n\n       \n    \n\n<li><a href='?page_no=1'>1<\/a><\/li>\n\n\n\n<li><a href='?page_no=2'>2<\/a><\/li>\n\n\n\n<li><a>...<\/a><\/li>\n\n\n\n<li><a href='?page_no=31411'>31411<\/a><\/li>\n\n\n\n<li><a href='?page_no=31412'>31412<\/a><\/li>\n\n\n\n<li class='active'><a>31413<\/a><\/li>\n\n\n\n<li><a href='?page_no=31414'>31414<\/a><\/li>\n\n\n\n<li><a href='?page_no=31415'>31415<\/a><\/li>\n\n\n\n<li><a>...<\/a><\/li>\n\n\n\n<li><a href='?page_no=31963'>31963<\/a><\/li>\n\n\n\n<li><a href='?page_no=31964'>31964<\/a><\/li>\n\n    \n\t\n\n<li >\n\t<a href='?page_no=31414'>Next<\/a>\n\t<\/li>\n\n\n    \n\n<li><a href='?page_no=31964'>Last &rsaquo;&rsaquo;<\/a><\/li>\n\n<\/ul>\n\n\n--><br \/>\n<\/body><\/p>\n","protected":false},"excerpt":{"rendered":"<p>Santo Domingo, RD.- 01 Sept, El Partido Reformista Social Cristiano (PRSC) conmemor\u00f3 este mi\u00e9rcoles 1 de septiembre con diferentes actividades el 104 aniversario del natalicio del ex presidente Joaqu\u00edn Balaguer. A las diez de esta ma\u00f1ana fue depositada una ofrenda floral en el mausoleo, en el cementerio Cristo Redentor, donde reposan los restos del fenecido [&hellip;]<\/p>\n","protected":false},"author":3,"featured_media":0,"comment_status":"open","ping_status":"open","sticky":false,"template":"","format":"standard","meta":{"footnotes":""},"categories":[24],"tags":[],"class_list":["post-156245","post","type-post","status-publish","format-standard","hentry","category-justicia-y-derecho"],"_links":{"self":[{"href":"https:\/\/diariodominicano.com\/index.php?rest_route=\/wp\/v2\/posts\/156245","targetHints":{"allow":["GET"]}}],"collection":[{"href":"https:\/\/diariodominicano.com\/index.php?rest_route=\/wp\/v2\/posts"}],"about":[{"href":"https:\/\/diariodominicano.com\/index.php?rest_route=\/wp\/v2\/types\/post"}],"author":[{"embeddable":true,"href":"https:\/\/diariodominicano.com\/index.php?rest_route=\/wp\/v2\/users\/3"}],"replies":[{"embeddable":true,"href":"https:\/\/diariodominicano.com\/index.php?rest_route=%2Fwp%2Fv2%2Fcomments&post=156245"}],"version-history":[{"count":0,"href":"https:\/\/diariodominicano.com\/index.php?rest_route=\/wp\/v2\/posts\/156245\/revisions"}],"wp:attachment":[{"href":"https:\/\/diariodominicano.com\/index.php?rest_route=%2Fwp%2Fv2%2Fmedia&parent=156245"}],"wp:term":[{"taxonomy":"category","embeddable":true,"href":"https:\/\/diariodominicano.com\/index.php?rest_route=%2Fwp%2Fv2%2Fcategories&post=156245"},{"taxonomy":"post_tag","embeddable":true,"href":"https:\/\/diariodominicano.com\/index.php?rest_route=%2Fwp%2Fv2%2Ftags&post=156245"}],"curies":[{"name":"wp","href":"https:\/\/api.w.org\/{rel}","templated":true}]}}