{"id":156243,"date":"2010-09-01T17:02:14","date_gmt":"2010-09-01T17:02:14","guid":{"rendered":"http:\/\/diariodominicano.ddns.net\/?p=156243"},"modified":"2010-09-01T17:02:14","modified_gmt":"2010-09-01T17:02:14","slug":"denuncian-sobeida-felix-morel-esta-en-una-solitaria-en-najayo","status":"publish","type":"post","link":"https:\/\/diariodominicano.com\/?p=156243","title":{"rendered":"Denuncian Sobeida F\u00e9lix Morel est\u00e1 en una solitaria en Najayo"},"content":{"rendered":"<p><body><\/p>\n<p><span class=\"text1noticias\">Santo Domingo, RD, 01 Sept.- El abogado de Sobeida F\u00e9lix Morel,  doctor F\u00e9lix Porte N\u00fa\u00f1ez, denunci\u00f3 este mi\u00e9rcoles que su defendida est\u00e1 encerrada en una celda solitaria en la c\u00e1rcel de Najayo Mujeres por lo que teme por su vida.<\/span><\/p>\n<\/p>\n<p><span class=\"text1noticias\">Dijo que  F\u00e9lix Morel, compa\u00f1era sentimental del supuesto narcotraficante Jos\u00e9 David Figueroa Agosto,  no tiene confianza de la seguridad del recinto penitenciario.<\/span><\/p>\n<\/p>\n<p><span class=\"text1noticias\">Seg\u00fan el jurista a su defendida ni siquiera al patio la dejan salir, d\u00e1ndole un trato desigual, discriminatorio. <\/span><\/p>\n<\/p>\n<p><span class=\"text1noticias\">Ella no est\u00e1 en un pabell\u00f3n con otras internas, le est\u00e1n dando un trato desigual: dijo el doctor Porte N N\u00fa\u00f1ez.<\/span><\/p>\n<\/p>\n<p><span class=\"text1noticias\">Agrego que la direcci\u00f3n de la c\u00e1rcel le inform\u00f3 que ese trato es por su seguridad, pero que \u00e9l no est\u00e1 de acuerdo.<\/span><\/p>\n<p><span class=\"text1noticias\">  <\/span><\/p>\n<\/p>\n<h6> 2010-09-01 17:02:14 <\/h6>\n<p><!--\n<link rel=\"stylesheet\" href=\"css\/bootstrap.min.css\">\n\n\n<ul class=\"pagination\">\n\t    \n\t\n\n<li >\n\t<a href='?page_no=31410'>Previous<\/a>\n\t<\/li>\n\n\n       \n    \n\n<li><a href='?page_no=1'>1<\/a><\/li>\n\n\n\n<li><a href='?page_no=2'>2<\/a><\/li>\n\n\n\n<li><a>...<\/a><\/li>\n\n\n\n<li><a href='?page_no=31409'>31409<\/a><\/li>\n\n\n\n<li><a href='?page_no=31410'>31410<\/a><\/li>\n\n\n\n<li class='active'><a>31411<\/a><\/li>\n\n\n\n<li><a href='?page_no=31412'>31412<\/a><\/li>\n\n\n\n<li><a href='?page_no=31413'>31413<\/a><\/li>\n\n\n\n<li><a>...<\/a><\/li>\n\n\n\n<li><a href='?page_no=31963'>31963<\/a><\/li>\n\n\n\n<li><a href='?page_no=31964'>31964<\/a><\/li>\n\n    \n\t\n\n<li >\n\t<a href='?page_no=31412'>Next<\/a>\n\t<\/li>\n\n\n    \n\n<li><a href='?page_no=31964'>Last &rsaquo;&rsaquo;<\/a><\/li>\n\n<\/ul>\n\n\n--><br \/>\n<\/body><\/p>\n","protected":false},"excerpt":{"rendered":"<p>Santo Domingo, RD, 01 Sept.- El abogado de Sobeida F\u00e9lix Morel, doctor F\u00e9lix Porte N\u00fa\u00f1ez, denunci\u00f3 este mi\u00e9rcoles que su defendida est\u00e1 encerrada en una celda solitaria en la c\u00e1rcel de Najayo Mujeres por lo que teme por su vida. Dijo que F\u00e9lix Morel, compa\u00f1era sentimental del supuesto narcotraficante Jos\u00e9 David Figueroa Agosto, no tiene [&hellip;]<\/p>\n","protected":false},"author":3,"featured_media":0,"comment_status":"open","ping_status":"open","sticky":false,"template":"","format":"standard","meta":{"footnotes":""},"categories":[24],"tags":[],"class_list":["post-156243","post","type-post","status-publish","format-standard","hentry","category-justicia-y-derecho"],"_links":{"self":[{"href":"https:\/\/diariodominicano.com\/index.php?rest_route=\/wp\/v2\/posts\/156243","targetHints":{"allow":["GET"]}}],"collection":[{"href":"https:\/\/diariodominicano.com\/index.php?rest_route=\/wp\/v2\/posts"}],"about":[{"href":"https:\/\/diariodominicano.com\/index.php?rest_route=\/wp\/v2\/types\/post"}],"author":[{"embeddable":true,"href":"https:\/\/diariodominicano.com\/index.php?rest_route=\/wp\/v2\/users\/3"}],"replies":[{"embeddable":true,"href":"https:\/\/diariodominicano.com\/index.php?rest_route=%2Fwp%2Fv2%2Fcomments&post=156243"}],"version-history":[{"count":0,"href":"https:\/\/diariodominicano.com\/index.php?rest_route=\/wp\/v2\/posts\/156243\/revisions"}],"wp:attachment":[{"href":"https:\/\/diariodominicano.com\/index.php?rest_route=%2Fwp%2Fv2%2Fmedia&parent=156243"}],"wp:term":[{"taxonomy":"category","embeddable":true,"href":"https:\/\/diariodominicano.com\/index.php?rest_route=%2Fwp%2Fv2%2Fcategories&post=156243"},{"taxonomy":"post_tag","embeddable":true,"href":"https:\/\/diariodominicano.com\/index.php?rest_route=%2Fwp%2Fv2%2Ftags&post=156243"}],"curies":[{"name":"wp","href":"https:\/\/api.w.org\/{rel}","templated":true}]}}