{"id":156242,"date":"2010-09-01T19:18:44","date_gmt":"2010-09-01T19:18:44","guid":{"rendered":"http:\/\/diariodominicano.ddns.net\/?p=156242"},"modified":"2010-09-01T19:18:44","modified_gmt":"2010-09-01T19:18:44","slug":"presidente-del-senado-aboga-por-libertad-presos-cubanos","status":"publish","type":"post","link":"https:\/\/diariodominicano.com\/?p=156242","title":{"rendered":"Presidente del Senado aboga por Libertad Presos Cubanos"},"content":{"rendered":"<p><body><\/p>\n<p><img decoding=\"async\" src=\"http:\/\/localhost:8080\/justiciayderecho\/img3\/R.ParedPerez 2.jpg\" \/>  <\/p>\n<\/p>\n<p><span class=\"text1noticias\">SANTO DOMINGO.- El Presidente del Senado, Reinaldo Pared P\u00e9rez, favoreci\u00f3  hoy la puesta en libertad de c\u00e1rceles de los Estados Unidos de cinco presos cubanos, acusados por las autoridades norteamericanas de supuestas pr\u00e1cticas terroristas.<\/span><\/p>\n<\/p>\n<p><span class=\"text1noticias\">Pared P\u00e9rez habl\u00f3 en un acto organizado en la Plaza H\u00e9roes del 14 de junio, ubicada frente al edificio del Congreso Nacional, a donde acudieron este mi\u00e9rcoles familiares de los m\u00e1rtires de esta gesta patri\u00f3tica, as\u00ed como miembros de la Fundaci\u00f3n Testimonio y de las fundaciones Francisco Alberto Caama\u00f1o De\u00f1\u00f3 y coronel Rafael Lora Fern\u00e1ndez.<\/span><\/p>\n<\/p>\n<p><span class=\"text1noticias\">El escenario fue preparado para recibir al Presidente del Senado, en ocasi\u00f3n de su reconocimiento por las iniciativas desplegadas en este \u00f3rgano legislativo en favor de las gestas e instituciones patri\u00f3ticas.<\/span><\/p>\n<\/p>\n<p><span class=\"text1noticias\">A ese prop\u00f3sito, el comandante G\u00f3mez Ochoa aprovech\u00f3 el acto para hacer entrega a Pared P\u00e9rez de un cuadro alusivo al encuentro del l\u00edder expedicionario dominico-cubano con el comandante Fidel Castro, al reencontrarse ambos en la ciudad cubana de Holgu\u00edn, en el a\u00f1o 1959, tras la contraofensiva lanzada contra la dictadura de Fulgencio Batista.<\/span><\/p>\n<\/p>\n<p><span class=\"text1noticias\">Al acto asistieron el embajador de Cuba en el pa\u00eds, Juan Astiasar\u00e1n Ceballo; la diputada Minou Tavarez, el senador Manuel Paula; Arlette Fern\u00e1ndez, viuda del coronel Rafael Fern\u00e1ndez Dom\u00ednguez,  y los hijos de los fenecidos l\u00edderes militares constitucionalistas de Abril de 1965, coroneles Francisco Alberto Caama\u00f1o De\u00f1\u00f3 y Rafael  Lora Fern\u00e1ndez, mayores del Ej\u00e9rcito Nacional Juan Lora y Francis Caama\u00f1o, hijo, seg\u00fan se recoge en una informaci\u00f3n suministrada por la Direcci\u00f3n de Prensa del Senado de la Rep\u00fablica.<\/span><\/p>\n<\/p>\n<p><span class=\"text1noticias\">Tambi\u00e9n, el ingeniero Francisco An\u00edbal Gonz\u00e1lez, vicepresidente de la Fundaci\u00f3n Testimonio, quien habl\u00f3 en el acto al resaltar el impacto positivo que tuvo en el seno de la sociedad dominicana, la gesta heroica del 14 de junio de 1959, entre otras  expediciones militares patri\u00f3ticas.<\/span><\/p>\n<\/p>\n<p><span class=\"text1noticias\">Proceso di\u00e1fano<\/span><\/p>\n<\/p>\n<p><span class=\"text1noticias\">Mientras, al responder preguntas de los periodistas en torno al proceso de preselecci\u00f3n y selecci\u00f3n final de los jueces que integrar\u00e1n la nueva Junta Central Electoral (JCE), el Presidente del Senado garantiz\u00f3 a la sociedad dominicana que no habr\u00e1 lugar a dudas en esta escogencia, porque el sistema que se emplear\u00e1 estar\u00e1 debidamente rodeada de la mayor transparencia y seriedad que las circunstancias ameritan.<\/span><\/p>\n<\/p>\n<p><span class=\"text1noticias\">Insisti\u00f3 en que los senadores actuar\u00e1n con el mismo sentido decidir cuales profesionales del derecho en el pa\u00eds Ir\u00e1n a integrar los \u00f3rganos de direcci\u00f3n de la Junta Central Electoral.<\/span><\/p>\n<\/p>\n<p><span class=\"text1noticias\">transparente, ecu\u00e1nime y de absoluta responsabilidad a la hora de decidir cuales profesionales del derecho en el pa\u00eds Ir\u00e1n a integrar los \u00f3rganos de direcci\u00f3n de la Junta Central Electoral.<\/span><\/p>\n<\/p>\n<h6> 2010-09-01 19:18:44 <\/h6>\n<p><!--\n<link rel=\"stylesheet\" href=\"css\/bootstrap.min.css\">\n\n\n<ul class=\"pagination\">\n\t    \n\t\n\n<li >\n\t<a href='?page_no=31409'>Previous<\/a>\n\t<\/li>\n\n\n       \n    \n\n<li><a href='?page_no=1'>1<\/a><\/li>\n\n\n\n<li><a href='?page_no=2'>2<\/a><\/li>\n\n\n\n<li><a>...<\/a><\/li>\n\n\n\n<li><a href='?page_no=31408'>31408<\/a><\/li>\n\n\n\n<li><a href='?page_no=31409'>31409<\/a><\/li>\n\n\n\n<li class='active'><a>31410<\/a><\/li>\n\n\n\n<li><a href='?page_no=31411'>31411<\/a><\/li>\n\n\n\n<li><a href='?page_no=31412'>31412<\/a><\/li>\n\n\n\n<li><a>...<\/a><\/li>\n\n\n\n<li><a href='?page_no=31963'>31963<\/a><\/li>\n\n\n\n<li><a href='?page_no=31964'>31964<\/a><\/li>\n\n    \n\t\n\n<li >\n\t<a href='?page_no=31411'>Next<\/a>\n\t<\/li>\n\n\n    \n\n<li><a href='?page_no=31964'>Last &rsaquo;&rsaquo;<\/a><\/li>\n\n<\/ul>\n\n\n--><br \/>\n<\/body><\/p>\n","protected":false},"excerpt":{"rendered":"<p>SANTO DOMINGO.- El Presidente del Senado, Reinaldo Pared P\u00e9rez, favoreci\u00f3 hoy la puesta en libertad de c\u00e1rceles de los Estados Unidos de cinco presos cubanos, acusados por las autoridades norteamericanas de supuestas pr\u00e1cticas terroristas. Pared P\u00e9rez habl\u00f3 en un acto organizado en la Plaza H\u00e9roes del 14 de junio, ubicada frente al edificio del Congreso [&hellip;]<\/p>\n","protected":false},"author":3,"featured_media":0,"comment_status":"open","ping_status":"open","sticky":false,"template":"","format":"standard","meta":{"footnotes":""},"categories":[24],"tags":[],"class_list":["post-156242","post","type-post","status-publish","format-standard","hentry","category-justicia-y-derecho"],"_links":{"self":[{"href":"https:\/\/diariodominicano.com\/index.php?rest_route=\/wp\/v2\/posts\/156242","targetHints":{"allow":["GET"]}}],"collection":[{"href":"https:\/\/diariodominicano.com\/index.php?rest_route=\/wp\/v2\/posts"}],"about":[{"href":"https:\/\/diariodominicano.com\/index.php?rest_route=\/wp\/v2\/types\/post"}],"author":[{"embeddable":true,"href":"https:\/\/diariodominicano.com\/index.php?rest_route=\/wp\/v2\/users\/3"}],"replies":[{"embeddable":true,"href":"https:\/\/diariodominicano.com\/index.php?rest_route=%2Fwp%2Fv2%2Fcomments&post=156242"}],"version-history":[{"count":0,"href":"https:\/\/diariodominicano.com\/index.php?rest_route=\/wp\/v2\/posts\/156242\/revisions"}],"wp:attachment":[{"href":"https:\/\/diariodominicano.com\/index.php?rest_route=%2Fwp%2Fv2%2Fmedia&parent=156242"}],"wp:term":[{"taxonomy":"category","embeddable":true,"href":"https:\/\/diariodominicano.com\/index.php?rest_route=%2Fwp%2Fv2%2Fcategories&post=156242"},{"taxonomy":"post_tag","embeddable":true,"href":"https:\/\/diariodominicano.com\/index.php?rest_route=%2Fwp%2Fv2%2Ftags&post=156242"}],"curies":[{"name":"wp","href":"https:\/\/api.w.org\/{rel}","templated":true}]}}