{"id":156235,"date":"2010-09-01T22:19:05","date_gmt":"2010-09-01T22:19:05","guid":{"rendered":"http:\/\/diariodominicano.ddns.net\/?p=156235"},"modified":"2010-09-01T22:19:05","modified_gmt":"2010-09-01T22:19:05","slug":"suspenden-juicio-asesinatos-de-paya-por-enfermedad-reos","status":"publish","type":"post","link":"https:\/\/diariodominicano.com\/?p=156235","title":{"rendered":"Suspenden juicio asesinatos de Paya, por enfermedad reos&#13;"},"content":{"rendered":"<p><body><\/p>\n<\/p>\n<p><span class=\"text1noticias\">Santo Domingo.-El Segundo Tribunal Colegiado del Distrito Nacional suspendi\u00f3 la audiencia de este mi\u00e9rcoles del juicio que se le sigue  a los imputados en la matanza de siete colombianos en la localidad de Paya, Ban\u00ed, en agosto del 2008. <\/span><\/p>\n<\/p>\n<p><span class=\"text1noticias\">La suspensi\u00f3n, a solicitud de los abogados de la defensa, se debi\u00f3 a que tres de los imputados que guardan prisi\u00f3n en la c\u00e1rcel dos de Azua, alegadamente no se encontraban f\u00edsicamente bien para acudir a la audiencia de este mi\u00e9rcoles.<\/span><\/p>\n<\/p>\n<p><span class=\"text1noticias\"> Los tres imputados son Luis Lara, Girson Antonio Gonz\u00e1lez y Dennos Jayro Rodr\u00edguez P\u00e9rez, quienes seg\u00fan sus abogados presentaron quebrantos luego de amanecer en la c\u00e1rcel del Palacio de Justicia de Ciudad Nueva.<\/span><\/p>\n<h6> 2010-09-01 22:19:05 <\/h6>\n<p><!--\n<link rel=\"stylesheet\" href=\"css\/bootstrap.min.css\">\n\n\n<ul class=\"pagination\">\n\t    \n\t\n\n<li >\n\t<a href='?page_no=31402'>Previous<\/a>\n\t<\/li>\n\n\n       \n    \n\n<li><a href='?page_no=1'>1<\/a><\/li>\n\n\n\n<li><a href='?page_no=2'>2<\/a><\/li>\n\n\n\n<li><a>...<\/a><\/li>\n\n\n\n<li><a href='?page_no=31401'>31401<\/a><\/li>\n\n\n\n<li><a href='?page_no=31402'>31402<\/a><\/li>\n\n\n\n<li class='active'><a>31403<\/a><\/li>\n\n\n\n<li><a href='?page_no=31404'>31404<\/a><\/li>\n\n\n\n<li><a href='?page_no=31405'>31405<\/a><\/li>\n\n\n\n<li><a>...<\/a><\/li>\n\n\n\n<li><a href='?page_no=31963'>31963<\/a><\/li>\n\n\n\n<li><a href='?page_no=31964'>31964<\/a><\/li>\n\n    \n\t\n\n<li >\n\t<a href='?page_no=31404'>Next<\/a>\n\t<\/li>\n\n\n    \n\n<li><a href='?page_no=31964'>Last &rsaquo;&rsaquo;<\/a><\/li>\n\n<\/ul>\n\n\n--><br \/>\n<\/body><\/p>\n","protected":false},"excerpt":{"rendered":"<p>Santo Domingo.-El Segundo Tribunal Colegiado del Distrito Nacional suspendi\u00f3 la audiencia de este mi\u00e9rcoles del juicio que se le sigue a los imputados en la matanza de siete colombianos en la localidad de Paya, Ban\u00ed, en agosto del 2008. La suspensi\u00f3n, a solicitud de los abogados de la defensa, se debi\u00f3 a que tres de [&hellip;]<\/p>\n","protected":false},"author":3,"featured_media":0,"comment_status":"open","ping_status":"open","sticky":false,"template":"","format":"standard","meta":{"footnotes":""},"categories":[24],"tags":[],"class_list":["post-156235","post","type-post","status-publish","format-standard","hentry","category-justicia-y-derecho"],"_links":{"self":[{"href":"https:\/\/diariodominicano.com\/index.php?rest_route=\/wp\/v2\/posts\/156235","targetHints":{"allow":["GET"]}}],"collection":[{"href":"https:\/\/diariodominicano.com\/index.php?rest_route=\/wp\/v2\/posts"}],"about":[{"href":"https:\/\/diariodominicano.com\/index.php?rest_route=\/wp\/v2\/types\/post"}],"author":[{"embeddable":true,"href":"https:\/\/diariodominicano.com\/index.php?rest_route=\/wp\/v2\/users\/3"}],"replies":[{"embeddable":true,"href":"https:\/\/diariodominicano.com\/index.php?rest_route=%2Fwp%2Fv2%2Fcomments&post=156235"}],"version-history":[{"count":0,"href":"https:\/\/diariodominicano.com\/index.php?rest_route=\/wp\/v2\/posts\/156235\/revisions"}],"wp:attachment":[{"href":"https:\/\/diariodominicano.com\/index.php?rest_route=%2Fwp%2Fv2%2Fmedia&parent=156235"}],"wp:term":[{"taxonomy":"category","embeddable":true,"href":"https:\/\/diariodominicano.com\/index.php?rest_route=%2Fwp%2Fv2%2Fcategories&post=156235"},{"taxonomy":"post_tag","embeddable":true,"href":"https:\/\/diariodominicano.com\/index.php?rest_route=%2Fwp%2Fv2%2Ftags&post=156235"}],"curies":[{"name":"wp","href":"https:\/\/api.w.org\/{rel}","templated":true}]}}