{"id":156215,"date":"2010-09-03T20:27:16","date_gmt":"2010-09-03T20:27:16","guid":{"rendered":"http:\/\/diariodominicano.ddns.net\/?p=156215"},"modified":"2010-09-03T20:27:16","modified_gmt":"2010-09-03T20:27:16","slug":"chio-jimenez-declara-director-ejecutivo-conaleche-fue-confirmado","status":"publish","type":"post","link":"https:\/\/diariodominicano.com\/?p=156215","title":{"rendered":"&#13;Ch\u00edo Jim\u00e9nez declara director ejecutivo Conaleche fue confirmado"},"content":{"rendered":"<p><body><\/p>\n<p><img decoding=\"async\" src=\"http:\/\/localhost:8080\/justiciayderecho\/img3\/chio kjimenez.jpg\" \/>  <\/p>\n<p><span class=\"text1noticias\">  <\/span><\/p>\n<p><span class=\"text1noticias\">  <\/span><\/p>\n<p><span class=\"text1noticias\"> <\/span><\/p>\n<p><span class=\"text1noticias\"> <\/span><\/p>\n<p><span class=\"text1noticias\"> <\/span><\/p>\n<p><span class=\"text1noticias\">SANTO DOMINGO.-  El ministro de Agricultura, Salvador (Ch\u00edo) Jim\u00e9nez, inform\u00f3 este viernes que el ingeniero agr\u00f3nomo C\u00e9sar Guerrero fue ratificado como director ejecutivo del Consejo Nacional para la Reglamentaci\u00f3n y Fomento de la Industria Lechera (Conaleche), por lo que no ser\u00e1 necesario convocar al Consejo como plante\u00f3 el presidente del Patronato Nacional de Ganaderos, Erik Rivero. <\/span><\/p>\n<\/p>\n<p><span class=\"text1noticias\">Se recuerda que este jueves, el Poder Ejecutivo derog\u00f3 el art\u00edculo tres del decreto 434-10, que design\u00f3 como director ejecutivo del Conaleche, a C\u00e9sar Guerrero, medida que fue saludada por los ganaderos, quienes se hab\u00edan opuesto al nombramiento de Guerrero. Sin embargo, el ministro de Agricultura al ser entrevistado este viernes en el Palacio Nacional, que una parte de los ganaderos rechazaba la designaci\u00f3n de Guerrero en el Conaleche, porque esa escogencia debe hacerla el consejo y no mediante decreto. <\/span><\/p>\n<\/p>\n<p><span class=\"text1noticias\">En ese sentido, el funcionario explic\u00f3 que con la derogaci\u00f3n del art\u00edculo tres del decreto con la que se hac\u00eda la designaci\u00f3n, qued\u00f3 resuelto el reclamo de los ganaderos, por lo que el Consejo procedi\u00f3 a ratificar dicha designaci\u00f3n. <\/span><\/p>\n<\/p>\n<p><span class=\"text1noticias\">No obstante, Rivero dijo a El Nuevo Diario que con la decisi\u00f3n del presidente Fern\u00e1ndez de derogar el nombramiento por decreto retornaba la institucionalidad al Conaleche, y pidi\u00f3 el Ministro de Agricultura convocar a la mayor brevedad posible el Consejo, para proceder a escoger al director ejecutivo del organismo. <\/span><\/p>\n<\/p>\n<p><span class=\"text1noticias\">Por otra parte, el ministro de Agricultura dijo que no hay raz\u00f3n para que la unidad de pl\u00e1tano se este comercializando a 9 y 10 pesos, ya que los comerciantes los est\u00e1n comprando a 2 pesos con 50 centavos en las fincas. <\/span><\/p>\n<\/p>\n<p><span class=\"text1noticias\">En ese sentido, el funcionario pidi\u00f3 a los intermediarios a no especular con ese rubro, ya que los m\u00e1s afectados son los consumidores.   Indic\u00f3 que los intermediarios son indolentes con los beneficios, por lo que plante\u00f3 la necesidad de que las Plazas Agropecuarias, que dirige el INESPRE, sean evaluadas. <\/span><\/p>\n<\/p>\n<p><span class=\"text1noticias\">Dijo que no hay raz\u00f3n para que el pl\u00e1tano est\u00e9 a ese precio, ya que no hay escasez del rubro ni ning\u00fan otro producto, ?el sector agropecuario est\u00e1 en un momento estelar en el pa\u00eds, y ese se puede apreciar en los mercados?. <\/span><\/p>\n<\/p>\n<h6> 2010-09-03 20:27:16 <\/h6>\n<p><!--\n<link rel=\"stylesheet\" href=\"css\/bootstrap.min.css\">\n\n\n<ul class=\"pagination\">\n\t    \n\t\n\n<li >\n\t<a href='?page_no=31382'>Previous<\/a>\n\t<\/li>\n\n\n       \n    \n\n<li><a href='?page_no=1'>1<\/a><\/li>\n\n\n\n<li><a href='?page_no=2'>2<\/a><\/li>\n\n\n\n<li><a>...<\/a><\/li>\n\n\n\n<li><a href='?page_no=31381'>31381<\/a><\/li>\n\n\n\n<li><a href='?page_no=31382'>31382<\/a><\/li>\n\n\n\n<li class='active'><a>31383<\/a><\/li>\n\n\n\n<li><a href='?page_no=31384'>31384<\/a><\/li>\n\n\n\n<li><a href='?page_no=31385'>31385<\/a><\/li>\n\n\n\n<li><a>...<\/a><\/li>\n\n\n\n<li><a href='?page_no=31963'>31963<\/a><\/li>\n\n\n\n<li><a href='?page_no=31964'>31964<\/a><\/li>\n\n    \n\t\n\n<li >\n\t<a href='?page_no=31384'>Next<\/a>\n\t<\/li>\n\n\n    \n\n<li><a href='?page_no=31964'>Last &rsaquo;&rsaquo;<\/a><\/li>\n\n<\/ul>\n\n\n--><br \/>\n<\/body><\/p>\n","protected":false},"excerpt":{"rendered":"<p>SANTO DOMINGO.- El ministro de Agricultura, Salvador (Ch\u00edo) Jim\u00e9nez, inform\u00f3 este viernes que el ingeniero agr\u00f3nomo C\u00e9sar Guerrero fue ratificado como director ejecutivo del Consejo Nacional para la Reglamentaci\u00f3n y Fomento de la Industria Lechera (Conaleche), por lo que no ser\u00e1 necesario convocar al Consejo como plante\u00f3 el presidente del Patronato Nacional de Ganaderos, Erik [&hellip;]<\/p>\n","protected":false},"author":3,"featured_media":0,"comment_status":"open","ping_status":"open","sticky":false,"template":"","format":"standard","meta":{"footnotes":""},"categories":[24],"tags":[],"class_list":["post-156215","post","type-post","status-publish","format-standard","hentry","category-justicia-y-derecho"],"_links":{"self":[{"href":"https:\/\/diariodominicano.com\/index.php?rest_route=\/wp\/v2\/posts\/156215","targetHints":{"allow":["GET"]}}],"collection":[{"href":"https:\/\/diariodominicano.com\/index.php?rest_route=\/wp\/v2\/posts"}],"about":[{"href":"https:\/\/diariodominicano.com\/index.php?rest_route=\/wp\/v2\/types\/post"}],"author":[{"embeddable":true,"href":"https:\/\/diariodominicano.com\/index.php?rest_route=\/wp\/v2\/users\/3"}],"replies":[{"embeddable":true,"href":"https:\/\/diariodominicano.com\/index.php?rest_route=%2Fwp%2Fv2%2Fcomments&post=156215"}],"version-history":[{"count":0,"href":"https:\/\/diariodominicano.com\/index.php?rest_route=\/wp\/v2\/posts\/156215\/revisions"}],"wp:attachment":[{"href":"https:\/\/diariodominicano.com\/index.php?rest_route=%2Fwp%2Fv2%2Fmedia&parent=156215"}],"wp:term":[{"taxonomy":"category","embeddable":true,"href":"https:\/\/diariodominicano.com\/index.php?rest_route=%2Fwp%2Fv2%2Fcategories&post=156215"},{"taxonomy":"post_tag","embeddable":true,"href":"https:\/\/diariodominicano.com\/index.php?rest_route=%2Fwp%2Fv2%2Ftags&post=156215"}],"curies":[{"name":"wp","href":"https:\/\/api.w.org\/{rel}","templated":true}]}}