{"id":156187,"date":"2010-09-06T22:04:47","date_gmt":"2010-09-06T22:04:47","guid":{"rendered":"http:\/\/diariodominicano.ddns.net\/?p=156187"},"modified":"2010-09-06T22:04:47","modified_gmt":"2010-09-06T22:04:47","slug":"onamet-cree-gaston-recuperara-fuerzas","status":"publish","type":"post","link":"https:\/\/diariodominicano.com\/?p=156187","title":{"rendered":"ONAMET cree Gast\u00f3n recuperar\u00e1 fuerzas"},"content":{"rendered":"<p><body><\/p>\n<p><img decoding=\"async\" src=\"http:\/\/localhost:8080\/justiciayderecho\/img3\/gatosn.jpg\" \/>  <\/p>\n<\/p>\n<p><span class=\"text1noticias\">Santo Domingo.-La Oficina Nacional de Meteorolog\u00eda (Onamet) inform\u00f3 que el fen\u00f3meno natural Gast\u00f3n se disip\u00f3 y ahora es un sistema de baja presi\u00f3n con alto potencial de volver a convertirse en tormenta tropical en las pr\u00f3ximas 24 a 48 horas.<\/span><\/p>\n<\/p>\n<p><span class=\"text1noticias\"> El predictor  Mart\u00edn Mata dijo v\u00ed que Gast\u00f3n se encuentra ubicado en las islas Sotavento al Este de las Antillas Menores y se mueve a unos 460 kil\u00f3metros por hora.<\/span><\/p>\n<\/p>\n<p><span class=\"text1noticias\">Indic\u00f3 que los miembros del organismo de pron\u00f3sticos se mantienen monitoreando el desarrollo y evoluci\u00f3n de este sistema.<\/span><\/p>\n<h6> 2010-09-06 22:04:47 <\/h6>\n<p><!--\n<link rel=\"stylesheet\" href=\"css\/bootstrap.min.css\">\n\n\n<ul class=\"pagination\">\n\t    \n\t\n\n<li >\n\t<a href='?page_no=31354'>Previous<\/a>\n\t<\/li>\n\n\n       \n    \n\n<li><a href='?page_no=1'>1<\/a><\/li>\n\n\n\n<li><a href='?page_no=2'>2<\/a><\/li>\n\n\n\n<li><a>...<\/a><\/li>\n\n\n\n<li><a href='?page_no=31353'>31353<\/a><\/li>\n\n\n\n<li><a href='?page_no=31354'>31354<\/a><\/li>\n\n\n\n<li class='active'><a>31355<\/a><\/li>\n\n\n\n<li><a href='?page_no=31356'>31356<\/a><\/li>\n\n\n\n<li><a href='?page_no=31357'>31357<\/a><\/li>\n\n\n\n<li><a>...<\/a><\/li>\n\n\n\n<li><a href='?page_no=31963'>31963<\/a><\/li>\n\n\n\n<li><a href='?page_no=31964'>31964<\/a><\/li>\n\n    \n\t\n\n<li >\n\t<a href='?page_no=31356'>Next<\/a>\n\t<\/li>\n\n\n    \n\n<li><a href='?page_no=31964'>Last &rsaquo;&rsaquo;<\/a><\/li>\n\n<\/ul>\n\n\n--><br \/>\n<\/body><\/p>\n","protected":false},"excerpt":{"rendered":"<p>Santo Domingo.-La Oficina Nacional de Meteorolog\u00eda (Onamet) inform\u00f3 que el fen\u00f3meno natural Gast\u00f3n se disip\u00f3 y ahora es un sistema de baja presi\u00f3n con alto potencial de volver a convertirse en tormenta tropical en las pr\u00f3ximas 24 a 48 horas. El predictor Mart\u00edn Mata dijo v\u00ed que Gast\u00f3n se encuentra ubicado en las islas Sotavento [&hellip;]<\/p>\n","protected":false},"author":3,"featured_media":0,"comment_status":"open","ping_status":"open","sticky":false,"template":"","format":"standard","meta":{"footnotes":""},"categories":[24],"tags":[],"class_list":["post-156187","post","type-post","status-publish","format-standard","hentry","category-justicia-y-derecho"],"_links":{"self":[{"href":"https:\/\/diariodominicano.com\/index.php?rest_route=\/wp\/v2\/posts\/156187","targetHints":{"allow":["GET"]}}],"collection":[{"href":"https:\/\/diariodominicano.com\/index.php?rest_route=\/wp\/v2\/posts"}],"about":[{"href":"https:\/\/diariodominicano.com\/index.php?rest_route=\/wp\/v2\/types\/post"}],"author":[{"embeddable":true,"href":"https:\/\/diariodominicano.com\/index.php?rest_route=\/wp\/v2\/users\/3"}],"replies":[{"embeddable":true,"href":"https:\/\/diariodominicano.com\/index.php?rest_route=%2Fwp%2Fv2%2Fcomments&post=156187"}],"version-history":[{"count":0,"href":"https:\/\/diariodominicano.com\/index.php?rest_route=\/wp\/v2\/posts\/156187\/revisions"}],"wp:attachment":[{"href":"https:\/\/diariodominicano.com\/index.php?rest_route=%2Fwp%2Fv2%2Fmedia&parent=156187"}],"wp:term":[{"taxonomy":"category","embeddable":true,"href":"https:\/\/diariodominicano.com\/index.php?rest_route=%2Fwp%2Fv2%2Fcategories&post=156187"},{"taxonomy":"post_tag","embeddable":true,"href":"https:\/\/diariodominicano.com\/index.php?rest_route=%2Fwp%2Fv2%2Ftags&post=156187"}],"curies":[{"name":"wp","href":"https:\/\/api.w.org\/{rel}","templated":true}]}}