{"id":156153,"date":"2010-09-09T18:43:03","date_gmt":"2010-09-09T18:43:03","guid":{"rendered":"http:\/\/diariodominicano.ddns.net\/?p=156153"},"modified":"2010-09-09T18:43:03","modified_gmt":"2010-09-09T18:43:03","slug":"luis-el-gallo-advierte-seleccion-jueces-electorales-parece-reparticion-de-viandas-en-un-festin-de-hambrientos","status":"publish","type":"post","link":"https:\/\/diariodominicano.com\/?p=156153","title":{"rendered":"Luis \u00abEl Gallo\u00bb advierte  selecci\u00f3n jueces electorales, parece repartici\u00f3n de viandas en un fest\u00edn de hambrientos"},"content":{"rendered":"<p><body><\/p>\n<p><img decoding=\"async\" src=\"img3\/el gallo.jpg\" \/>  <\/p>\n<p><span class=\"text1noticias\">Santo Domingo.- El Partido Uni\u00f3n Dem\u00f3crata Cristiana -UDC- reclam\u00f3 hoy que la selecci\u00f3n de los jueces electorales se haga en el marco del decoro y la institucionalidad, y se deje de dar la impresi\u00f3n de que se est\u00e1n repartiendo las viandas de un fest\u00edn de hambrientos.<\/span><\/p>\n<\/p>\n<p><span class=\"text1noticias\">Luis Acosta Moreta, Luis \u00abEl Gallo\u00bb, presidente de la UDC, destac\u00f3 que m\u00e1s que un rebati\u00f1a por obtener una tajada del cuadro de magistrados de la Junta Central Electoral, lo que se debe es de buscar el consenso entre todas las fuerzas pol\u00edticas nacionales.<\/span><\/p>\n<\/p>\n<p><span class=\"text1noticias\">Pidi\u00f3 que se llame de inmediato a vistas p\u00fablicas, donde participen todos los sectores, y las propuestas de candidatos se hagan de forma democr\u00e1tica y no complaciente.<\/span><\/p>\n<\/p>\n<p><span class=\"text1noticias\">Reclam\u00f3 de los legisladores que se proceda a citar a los partidos pol\u00edticos para que escuchen el parecer de sus delegados t\u00e9cnicos o pol\u00edticos ante la JCE.<\/span><\/p>\n<\/p>\n<p><span class=\"text1noticias\">Es vital que en esas vistas p\u00fablicas se escuche a todos los partidos reconocidos, y se haga una evaluaci\u00f3n del desempe\u00f1o de los jueces y su participaci\u00f3n en los pasados procesos electorales.<\/span><\/p>\n<\/p>\n<p><span class=\"text1noticias\">Se\u00f1ores legisladores, dijo Luis ?El Gallo?, estamos en un proceso institucional de elegir a los nuevos jueces electorales, y no repartiendo un bizcocho entre personas que sufren de gula extrema.<\/span><\/p>\n<\/p>\n<p><span class=\"text1noticias\">Agreg\u00f3 que las vistas p\u00fablicas son vitales, para que se escuche el parecer de todo los partidos, sin importar su fichaje electoral, que tienen reconocimiento legal.<\/span><\/p>\n<\/p>\n<p><span class=\"text1noticias\">Asimismo asegur\u00f3 que no pueden los representantes de la llamada sociedad civil, que solo se representan a ellos mismos, tratar de dirigir el proceso, conculcando la voluntad de los grupos organizados y los partidos pol\u00edticos.<\/span><\/p>\n<\/p>\n<p><span class=\"text1noticias\">A\u00f1adi\u00f3 que los legisladores tienen la obligaci\u00f3n de dar m\u00e1s sobriedad al proceso, para que el pueblo no tenga la percepci\u00f3n de que se est\u00e1 en un repartidero de las prendas de un difunto.<\/span><\/p>\n<\/p>\n<p><span class=\"text1noticias\">Asimismo pidi\u00f3 sobriedad y dignidad a los actuales jueces, que se han lanzado en abierta campa\u00f1a para seguir en el cargo, y dijo que los mismos deben ser evaluados una a uno, de forma individual.<\/span><\/p>\n<\/p>\n<p><span class=\"text1noticias\">Hay que buscar magistrados honestos y responsables, y no entregarle un sill\u00f3n de juez electoral a una persona que no re\u00fana las dotes de objetividad, imparcialidad y apego a la institucionalidad.<\/span><\/p>\n<\/p>\n<h6> 2010-09-09 18:43:03 <\/h6>\n<p><!--\n<link rel=\"stylesheet\" href=\"css\/bootstrap.min.css\">\n\n\n<ul class=\"pagination\">\n\t    \n\t\n\n<li >\n\t<a href='?page_no=31320'>Previous<\/a>\n\t<\/li>\n\n\n       \n    \n\n<li><a href='?page_no=1'>1<\/a><\/li>\n\n\n\n<li><a href='?page_no=2'>2<\/a><\/li>\n\n\n\n<li><a>...<\/a><\/li>\n\n\n\n<li><a href='?page_no=31319'>31319<\/a><\/li>\n\n\n\n<li><a href='?page_no=31320'>31320<\/a><\/li>\n\n\n\n<li class='active'><a>31321<\/a><\/li>\n\n\n\n<li><a href='?page_no=31322'>31322<\/a><\/li>\n\n\n\n<li><a href='?page_no=31323'>31323<\/a><\/li>\n\n\n\n<li><a>...<\/a><\/li>\n\n\n\n<li><a href='?page_no=31963'>31963<\/a><\/li>\n\n\n\n<li><a href='?page_no=31964'>31964<\/a><\/li>\n\n    \n\t\n\n<li >\n\t<a href='?page_no=31322'>Next<\/a>\n\t<\/li>\n\n\n    \n\n<li><a href='?page_no=31964'>Last &rsaquo;&rsaquo;<\/a><\/li>\n\n<\/ul>\n\n\n--><br \/>\n<\/body><\/p>\n","protected":false},"excerpt":{"rendered":"<p>Santo Domingo.- El Partido Uni\u00f3n Dem\u00f3crata Cristiana -UDC- reclam\u00f3 hoy que la selecci\u00f3n de los jueces electorales se haga en el marco del decoro y la institucionalidad, y se deje de dar la impresi\u00f3n de que se est\u00e1n repartiendo las viandas de un fest\u00edn de hambrientos. Luis Acosta Moreta, Luis \u00abEl Gallo\u00bb, presidente de la [&hellip;]<\/p>\n","protected":false},"author":3,"featured_media":0,"comment_status":"open","ping_status":"open","sticky":false,"template":"","format":"standard","meta":{"footnotes":""},"categories":[24],"tags":[],"class_list":["post-156153","post","type-post","status-publish","format-standard","hentry","category-justicia-y-derecho"],"_links":{"self":[{"href":"https:\/\/diariodominicano.com\/index.php?rest_route=\/wp\/v2\/posts\/156153","targetHints":{"allow":["GET"]}}],"collection":[{"href":"https:\/\/diariodominicano.com\/index.php?rest_route=\/wp\/v2\/posts"}],"about":[{"href":"https:\/\/diariodominicano.com\/index.php?rest_route=\/wp\/v2\/types\/post"}],"author":[{"embeddable":true,"href":"https:\/\/diariodominicano.com\/index.php?rest_route=\/wp\/v2\/users\/3"}],"replies":[{"embeddable":true,"href":"https:\/\/diariodominicano.com\/index.php?rest_route=%2Fwp%2Fv2%2Fcomments&post=156153"}],"version-history":[{"count":0,"href":"https:\/\/diariodominicano.com\/index.php?rest_route=\/wp\/v2\/posts\/156153\/revisions"}],"wp:attachment":[{"href":"https:\/\/diariodominicano.com\/index.php?rest_route=%2Fwp%2Fv2%2Fmedia&parent=156153"}],"wp:term":[{"taxonomy":"category","embeddable":true,"href":"https:\/\/diariodominicano.com\/index.php?rest_route=%2Fwp%2Fv2%2Fcategories&post=156153"},{"taxonomy":"post_tag","embeddable":true,"href":"https:\/\/diariodominicano.com\/index.php?rest_route=%2Fwp%2Fv2%2Ftags&post=156153"}],"curies":[{"name":"wp","href":"https:\/\/api.w.org\/{rel}","templated":true}]}}