{"id":156150,"date":"2010-09-09T19:28:09","date_gmt":"2010-09-09T19:28:09","guid":{"rendered":"http:\/\/diariodominicano.ddns.net\/?p=156150"},"modified":"2010-09-09T19:28:09","modified_gmt":"2010-09-09T19:28:09","slug":"cdeee-evalua-cambios-en-las-edes-aumentara-eficiencia-y-mayor-rentabilidad","status":"publish","type":"post","link":"https:\/\/diariodominicano.com\/?p=156150","title":{"rendered":"CDEEE eval\u00faa cambios en las EDES aumentara eficiencia y mayor rentabilidad"},"content":{"rendered":"<p><body><\/p>\n<p><img decoding=\"async\" src=\"img3\/cdeee.jpg\" \/>  <\/p>\n<\/p>\n<p><span class=\"text1noticias\"> <\/span><\/p>\n<p><span class=\"text1noticias\"> <\/span><\/p>\n<p><span class=\"text1noticias\">  Santo Domingo.- La vicepresidencia ejecutiva de la Corporaci\u00f3n Dominicana de Empresas El\u00e9ctricas Estatales (CDEEE) valor\u00f3 este jueves el cambio de gerencia dispuesto por el Poder Ejecutivo en las compa\u00f1\u00edas distribuidoras como un paso de trascendencia para un esquema sostenido de negocio eficiente y rentable.<\/span><\/p>\n<\/p>\n<p><span class=\"text1noticias\">Explic\u00f3 que la designaci\u00f3n de gerentes que pudieron llevar a empresas de distribuci\u00f3n a p\u00e9rdidas aceptables, desde niveles similares a los que actualmente sufren Edenorte, Edesur y Edeeste, ayudar\u00e1 a que la gesti\u00f3n comercial de estas unidades se inserte en las mejores pr\u00e1cticas internacionales.<\/span><\/p>\n<\/p>\n<p><span class=\"text1noticias\">Sostuvo, asimismo, que el cambio forma parte de las condicionalidades de organismos crediticios que financian el desarrollo del sector el\u00e9ctrico, como el Banco Mundial y el Banco Interamericano de Desarrollo (BID).<\/span><\/p>\n<\/p>\n<p><span class=\"text1noticias\">Dijo que el a\u00f1o pasado se hizo posible un desembolso de US$300 millones de entidades multilaterales de cr\u00e9ditos gracias a que se cumplieron siete condicionalidades establecidas por el Banco Mundial.<\/span><\/p>\n<p><span class=\"text1noticias\">Indic\u00f3 que para este a\u00f1o se presentaron cuatro ?entre ellas la sustituci\u00f3n de los gerentes de las EDES por profesionales de alto desempe\u00f1o y con experiencia en el manejo de empresas el\u00e9ctricas en crisis- que permitir\u00e1n un nuevo desembolso de US$200 millones.<\/span><\/p>\n<\/p>\n<p><span class=\"text1noticias\">?Esto hay que verlo como un proceso natural, parte de la reestructuraci\u00f3n del sector el\u00e9ctrico, que le transferir\u00e1 a los t\u00e9cnicos dominicanos en las empresas de distribuci\u00f3n conocimientos y capacidades para mejorar el desempe\u00f1o y sacar a las empresas del pantano financiero?, coment\u00f3 el vicepresidente de la CDEEE, Celso Marranzini.<\/span><\/p>\n<\/p>\n<p><span class=\"text1noticias\">La CDEEE anunci\u00f3 que los nuevos gerentes de Edesur, Edenorte y Edeeste, Marcelo Rogelio Silva Iribarne, Eduardo Saavedra Pizarro y Francisco Leiva Landabur, de nacionalidad chilena, asumir\u00e1n sus posiciones la semana pr\u00f3xima y ser\u00e1n presentados p\u00fablicamente.<\/span><\/p>\n<\/p>\n<p><span class=\"text1noticias\">Silva Iribarne, designado en Edesur Dominicana,  es ejecutivo de alta direcci\u00f3n e ingeniero comercial que, de 1990 a 2009, fue director de  Edesur de Buenos Aires, empresa distribuidora propiedad de Endesa, de Espa\u00f1a, y Petrobas, de Brasil, a la que manej\u00f3 en un per\u00edodo de crisis logrando productividad y eficiencia. Fue, adem\u00e1s, gerente general de la distribuidora Chilectra, donde redise\u00f1\u00f3 los procesos de negocio de forma exitosa.<\/span><\/p>\n<\/p>\n<p><span class=\"text1noticias\">Saavedra Pizarro es un ingeniero electricista, especialista en potencia y controles autom\u00e1ticos, con m\u00e1s de 35 a\u00f1os de experiencia de orden comercial, t\u00e9cnico, de administraci\u00f3n y consultor\u00eda  en empresas distribuidoras de electricidad de pa\u00edses de Suram\u00e9rica y Centroam\u00e9rica.<\/span><\/p>\n<\/p>\n<p><span class=\"text1noticias\">Por su lado, Leiva Landabur ha sido consultor para el rescate de sectores el\u00e9ctricos en crisis, con 23 a\u00f1os de experiencia en sector el\u00e9ctricos en Am\u00e9rica Latina y \u00c1frica. Desde febrero de 2008 asesora al Ministerio de Energ\u00eda de Nigeria.<\/span><\/p>\n<\/p>\n<p><span class=\"text1noticias\">En Rep\u00fablica Dominicana, ha asesorado al Holding CDEEE, a las empresas EDESUR, EDENORTE, EDEESTE y Puerto Plata de Electricidad. Se ha desempe\u00f1ado en diferentes posiciones ejecutivas en empresas del sector el\u00e9ctrico latinoamericano.<\/span><\/p>\n<\/p>\n<h6> 2010-09-09 19:28:09 <\/h6>\n<p><!--\n<link rel=\"stylesheet\" href=\"css\/bootstrap.min.css\">\n\n\n<ul class=\"pagination\">\n\t    \n\t\n\n<li >\n\t<a href='?page_no=31317'>Previous<\/a>\n\t<\/li>\n\n\n       \n    \n\n<li><a href='?page_no=1'>1<\/a><\/li>\n\n\n\n<li><a href='?page_no=2'>2<\/a><\/li>\n\n\n\n<li><a>...<\/a><\/li>\n\n\n\n<li><a href='?page_no=31316'>31316<\/a><\/li>\n\n\n\n<li><a href='?page_no=31317'>31317<\/a><\/li>\n\n\n\n<li class='active'><a>31318<\/a><\/li>\n\n\n\n<li><a href='?page_no=31319'>31319<\/a><\/li>\n\n\n\n<li><a href='?page_no=31320'>31320<\/a><\/li>\n\n\n\n<li><a>...<\/a><\/li>\n\n\n\n<li><a href='?page_no=31963'>31963<\/a><\/li>\n\n\n\n<li><a href='?page_no=31964'>31964<\/a><\/li>\n\n    \n\t\n\n<li >\n\t<a href='?page_no=31319'>Next<\/a>\n\t<\/li>\n\n\n    \n\n<li><a href='?page_no=31964'>Last &rsaquo;&rsaquo;<\/a><\/li>\n\n<\/ul>\n\n\n--><br \/>\n<\/body><\/p>\n","protected":false},"excerpt":{"rendered":"<p>Santo Domingo.- La vicepresidencia ejecutiva de la Corporaci\u00f3n Dominicana de Empresas El\u00e9ctricas Estatales (CDEEE) valor\u00f3 este jueves el cambio de gerencia dispuesto por el Poder Ejecutivo en las compa\u00f1\u00edas distribuidoras como un paso de trascendencia para un esquema sostenido de negocio eficiente y rentable. Explic\u00f3 que la designaci\u00f3n de gerentes que pudieron llevar a empresas [&hellip;]<\/p>\n","protected":false},"author":3,"featured_media":0,"comment_status":"open","ping_status":"open","sticky":false,"template":"","format":"standard","meta":{"footnotes":""},"categories":[24],"tags":[],"class_list":["post-156150","post","type-post","status-publish","format-standard","hentry","category-justicia-y-derecho"],"_links":{"self":[{"href":"https:\/\/diariodominicano.com\/index.php?rest_route=\/wp\/v2\/posts\/156150","targetHints":{"allow":["GET"]}}],"collection":[{"href":"https:\/\/diariodominicano.com\/index.php?rest_route=\/wp\/v2\/posts"}],"about":[{"href":"https:\/\/diariodominicano.com\/index.php?rest_route=\/wp\/v2\/types\/post"}],"author":[{"embeddable":true,"href":"https:\/\/diariodominicano.com\/index.php?rest_route=\/wp\/v2\/users\/3"}],"replies":[{"embeddable":true,"href":"https:\/\/diariodominicano.com\/index.php?rest_route=%2Fwp%2Fv2%2Fcomments&post=156150"}],"version-history":[{"count":0,"href":"https:\/\/diariodominicano.com\/index.php?rest_route=\/wp\/v2\/posts\/156150\/revisions"}],"wp:attachment":[{"href":"https:\/\/diariodominicano.com\/index.php?rest_route=%2Fwp%2Fv2%2Fmedia&parent=156150"}],"wp:term":[{"taxonomy":"category","embeddable":true,"href":"https:\/\/diariodominicano.com\/index.php?rest_route=%2Fwp%2Fv2%2Fcategories&post=156150"},{"taxonomy":"post_tag","embeddable":true,"href":"https:\/\/diariodominicano.com\/index.php?rest_route=%2Fwp%2Fv2%2Ftags&post=156150"}],"curies":[{"name":"wp","href":"https:\/\/api.w.org\/{rel}","templated":true}]}}