{"id":156146,"date":"2010-09-09T21:19:52","date_gmt":"2010-09-09T21:19:52","guid":{"rendered":"http:\/\/diariodominicano.ddns.net\/?p=156146"},"modified":"2010-09-09T21:19:52","modified_gmt":"2010-09-09T21:19:52","slug":"someten-proyecto-que-establece-en-centro-educativos-la-asignatura-para-ensenar-la-constitucion","status":"publish","type":"post","link":"https:\/\/diariodominicano.com\/?p=156146","title":{"rendered":"Someten proyecto que establece en centro educativos  la asignatura para ense\u00f1ar la Constituci\u00f3n&#13;"},"content":{"rendered":"<p><body><\/p>\n<\/p>\n<\/p>\n<p><span class=\"text1noticias\">SANTO DOMINGO.- La C\u00e1mara de Diputados fue apoderada de un proyecto de ley que busca declarar de inter\u00e9s nacional la ense\u00f1anza de los principios esenciales contenidos en la Constituci\u00f3n Dominicana, a todos los ni\u00f1os y ni\u00f1as que cursan la educaci\u00f3n primaria b\u00e1sica, tanto en las escuelas p\u00fablicas como privadas establecidas en el territorio nacional.<\/span><\/p>\n<\/p>\n<p><span class=\"text1noticias\">La pieza la someti\u00f3 el congresista del Partido de la Liberaci\u00f3n Dominicana (PLD), Juan Julio Campo, de la provincia La Altagracia, busca que se imparta dicha formaci\u00f3n, la asignatura espec\u00edfica, consagrada exclusivamente a la ense\u00f1anza del contenido de la Constituci\u00f3n, en el curr\u00edculo correspondiente a la formaci\u00f3n primaria b\u00e1sica de todos los ni\u00f1os y ni\u00f1as del pa\u00eds.<\/span><\/p>\n<\/p>\n<p><span class=\"text1noticias\">El art\u00edculo tres de la iniciativa indica que para ejecutar la ley, el Ministerio de Educaci\u00f3n dispondr\u00e1 las medidas pertinentes relativas al dise\u00f1o del material did\u00e1ctico que correspondan a los fines enunciados.<\/span><\/p>\n<\/p>\n<p><span class=\"text1noticias\">El proyecto dispone que el Ministerio de Educaci\u00f3n deber\u00e1 crear las comisiones que estime conveniente para implementar esta ley y elaborar\u00e1 los reglamentos que estimen conveniente sobre el particular.  La pieza fue remitida por el hemiciclo a la comisi\u00f3n de Educaci\u00f3n<\/span><\/p>\n<\/p>\n<p><span class=\"text1noticias\">Campos precisa que el art\u00edculo 63 de la Carta Magna se\u00f1ala que ?toda persona tiene derecho a una educaci\u00f3n integral, de calidad, permanente, en igualdad de condiciones y oportunidades, sin m\u00e1s limitaciones que las derivadas de sus aptitudes, vocaci\u00f3n y aspiraciones?.<\/span><\/p>\n<\/p>\n<p><span class=\"text1noticias\">Refiere el congresista en uno de los considerandos del proyecto que la ense\u00f1anza de los principios de la Constituci\u00f3n Dominicana a los ni\u00f1os y ni\u00f1as, desde su m\u00e1s tierna edad, mediante una asignatura espec\u00edfica e independiente, constituye una medida eficaz para cumplir con dichos objetivos.<\/span><\/p>\n<\/p>\n<p><span class=\"text1noticias\">Otro expresa que se hace impostergable la tarea de formar ciudadanos capaces de afrontar con \u00e9xitos los retos planteados por una sociedad cada vez m\u00e1s plural y democr\u00e1tica.<\/span><\/p>\n<\/p>\n<p><span class=\"text1noticias\">Especifica que esa pol\u00edtica docente permitir\u00e1 a los ni\u00f1os y ni\u00f1as poseer y conocer la fuente primaria que protege sus derechos y enuncia sus deberes, y asimilar los preceptos que norman la soberan\u00eda y la democracia nacional.<\/span><\/p>\n<\/p>\n<p><span class=\"text1noticias\">Destaca que la Constituci\u00f3n, como ley suprema del Estado formulada por \u00f3rganos legislativos especiales mediante procedimientos m\u00e1s rigurosos que los correspondientes a las leyes ordinarias, es desconocida por una gran parte de la poblaci\u00f3n dominicana.<\/span><\/p>\n<\/p>\n<\/p>\n<p><span class=\"text1noticias\">Indica que se debe encaminar dise\u00f1o de pol\u00edticas p\u00fablicas que atiendan a dotar el sistema educativo nacional de las herramientas necesarias para difundir masivamente los principios y valores constitucionales.<\/span><\/p>\n<\/p>\n<p><span class=\"text1noticias\">El diputado pelede\u00edsta apunta que las corrientes pedag\u00f3gicas de vanguardia en los pa\u00edses desarrollados recomiendan enriquecer los curr\u00edculos educativos de los estudiantes, desde que se inician en la educaci\u00f3n b\u00e1sica, con materias que contribuyan a su formaci\u00f3n integral de los estudiantes de educaci\u00f3n b\u00e1sica, los principios que erigen la organizaci\u00f3n del Estado, el respeto y el conocimiento pleno de los derechos y deberes ciudadanos, al igual que otras normas constitucionales.<\/span><\/p>\n<h6> 2010-09-09 21:19:52 <\/h6>\n<p><!--\n<link rel=\"stylesheet\" href=\"css\/bootstrap.min.css\">\n\n\n<ul class=\"pagination\">\n\t    \n\t\n\n<li >\n\t<a href='?page_no=31313'>Previous<\/a>\n\t<\/li>\n\n\n       \n    \n\n<li><a href='?page_no=1'>1<\/a><\/li>\n\n\n\n<li><a href='?page_no=2'>2<\/a><\/li>\n\n\n\n<li><a>...<\/a><\/li>\n\n\n\n<li><a href='?page_no=31312'>31312<\/a><\/li>\n\n\n\n<li><a href='?page_no=31313'>31313<\/a><\/li>\n\n\n\n<li class='active'><a>31314<\/a><\/li>\n\n\n\n<li><a href='?page_no=31315'>31315<\/a><\/li>\n\n\n\n<li><a href='?page_no=31316'>31316<\/a><\/li>\n\n\n\n<li><a>...<\/a><\/li>\n\n\n\n<li><a href='?page_no=31963'>31963<\/a><\/li>\n\n\n\n<li><a href='?page_no=31964'>31964<\/a><\/li>\n\n    \n\t\n\n<li >\n\t<a href='?page_no=31315'>Next<\/a>\n\t<\/li>\n\n\n    \n\n<li><a href='?page_no=31964'>Last &rsaquo;&rsaquo;<\/a><\/li>\n\n<\/ul>\n\n\n--><br \/>\n<\/body><\/p>\n","protected":false},"excerpt":{"rendered":"<p>SANTO DOMINGO.- La C\u00e1mara de Diputados fue apoderada de un proyecto de ley que busca declarar de inter\u00e9s nacional la ense\u00f1anza de los principios esenciales contenidos en la Constituci\u00f3n Dominicana, a todos los ni\u00f1os y ni\u00f1as que cursan la educaci\u00f3n primaria b\u00e1sica, tanto en las escuelas p\u00fablicas como privadas establecidas en el territorio nacional. La [&hellip;]<\/p>\n","protected":false},"author":3,"featured_media":0,"comment_status":"open","ping_status":"open","sticky":false,"template":"","format":"standard","meta":{"footnotes":""},"categories":[24],"tags":[],"class_list":["post-156146","post","type-post","status-publish","format-standard","hentry","category-justicia-y-derecho"],"_links":{"self":[{"href":"https:\/\/diariodominicano.com\/index.php?rest_route=\/wp\/v2\/posts\/156146","targetHints":{"allow":["GET"]}}],"collection":[{"href":"https:\/\/diariodominicano.com\/index.php?rest_route=\/wp\/v2\/posts"}],"about":[{"href":"https:\/\/diariodominicano.com\/index.php?rest_route=\/wp\/v2\/types\/post"}],"author":[{"embeddable":true,"href":"https:\/\/diariodominicano.com\/index.php?rest_route=\/wp\/v2\/users\/3"}],"replies":[{"embeddable":true,"href":"https:\/\/diariodominicano.com\/index.php?rest_route=%2Fwp%2Fv2%2Fcomments&post=156146"}],"version-history":[{"count":0,"href":"https:\/\/diariodominicano.com\/index.php?rest_route=\/wp\/v2\/posts\/156146\/revisions"}],"wp:attachment":[{"href":"https:\/\/diariodominicano.com\/index.php?rest_route=%2Fwp%2Fv2%2Fmedia&parent=156146"}],"wp:term":[{"taxonomy":"category","embeddable":true,"href":"https:\/\/diariodominicano.com\/index.php?rest_route=%2Fwp%2Fv2%2Fcategories&post=156146"},{"taxonomy":"post_tag","embeddable":true,"href":"https:\/\/diariodominicano.com\/index.php?rest_route=%2Fwp%2Fv2%2Ftags&post=156146"}],"curies":[{"name":"wp","href":"https:\/\/api.w.org\/{rel}","templated":true}]}}