{"id":156145,"date":"2010-09-09T21:42:11","date_gmt":"2010-09-09T21:42:11","guid":{"rendered":"http:\/\/diariodominicano.ddns.net\/?p=156145"},"modified":"2010-09-09T21:42:11","modified_gmt":"2010-09-09T21:42:11","slug":"ministerio-publico-desiste-presentar-general-y-coronel-en-caso-paya","status":"publish","type":"post","link":"https:\/\/diariodominicano.com\/?p=156145","title":{"rendered":"&#13;&#13;Ministerio P\u00fablico desiste presentar general y coronel en caso Paya&#13;"},"content":{"rendered":"<p><body><\/p>\n<p><span class=\"text1noticias\">Santo Domingo.-El Ministerio P\u00fablico desisti\u00f3 hoy de presentar como testigo a un general y un coronel de la Polic\u00eda Nacional en torno al juicio que se le sigue a los 22 implicados en el caso Paya.<\/span><\/p>\n<\/p>\n<p><span class=\"text1noticias\">El fiscal adjunto Francisco Polanco, quien funge como vocero de los 13 fiscales que participan en el juicio, dijo que la parte acusadora desisti\u00f3 de los testimonios del general Napole\u00f3n Terrero y del coronel Elvin Soriano Familia. Este \u00faltimo fue visto entrar al despacho del fiscal Alejandro Moscoso Segarra bajo estrictas medidas de seguridad y luego sacado por la parte trasera del Palacio de Justicia de Ciudad Nueva.<\/span><\/p>\n<\/p>\n<p><span class=\"text1noticias\">Dijo que las declaraciones de \u00e9stos no son necesarias porque cuentan con otros tres oficiales de la Direcci\u00f3n Nacional de Control de Drogas (DNCD) que participaron en las pesquisas.<\/span><\/p>\n<\/p>\n<p><span class=\"text1noticias\">Mientras que el primer testigo que compareci\u00f3 en la audiencia, teniente de la Marina de Guerra Juan Santana Beltr\u00e9, quien repara fusiles en la Base Naval de ese organismo, dijo que no pod\u00eda identificar el fusil con que se cometieron los cr\u00edmenes, porque todos los M-16 se parecen, y que en lo que se pueden diferenciar es en la numeraci\u00f3n y \u00e9l no la anot\u00f3.<\/span><\/p>\n<\/p>\n<p><span class=\"text1noticias\">Explic\u00f3 que luego de la matanza en la instituci\u00f3n se est\u00e1n tomando control sobre el ingreso de cada arma que se repara, tanto de la numeraci\u00f3n como de la persona que la lleva a reparar.<\/span><\/p>\n<\/p>\n<p><span class=\"text1noticias\">Testific\u00f3 que \u00e9l repar\u00f3 el fusil en el 2008 y que el capit\u00e1n de fragata Miguel Pe\u00f1a Figuereo le dijo que no le informara al M-2 (organismo de inteligencia naval) que \u00e9l lo llev\u00f3 a reparar.<\/span><\/p>\n<\/p>\n<p><span class=\"text1noticias\">El fusil fue vendido conjuntamente con otros cuatro por Roche Pineda a Gregorio Viloria F\u00e9liz, apodado David Gasolina. <\/span><\/p>\n<h6> 2010-09-09 21:42:11 <\/h6>\n<p><!--\n<link rel=\"stylesheet\" href=\"css\/bootstrap.min.css\">\n\n\n<ul class=\"pagination\">\n\t    \n\t\n\n<li >\n\t<a href='?page_no=31312'>Previous<\/a>\n\t<\/li>\n\n\n       \n    \n\n<li><a href='?page_no=1'>1<\/a><\/li>\n\n\n\n<li><a href='?page_no=2'>2<\/a><\/li>\n\n\n\n<li><a>...<\/a><\/li>\n\n\n\n<li><a href='?page_no=31311'>31311<\/a><\/li>\n\n\n\n<li><a href='?page_no=31312'>31312<\/a><\/li>\n\n\n\n<li class='active'><a>31313<\/a><\/li>\n\n\n\n<li><a href='?page_no=31314'>31314<\/a><\/li>\n\n\n\n<li><a href='?page_no=31315'>31315<\/a><\/li>\n\n\n\n<li><a>...<\/a><\/li>\n\n\n\n<li><a href='?page_no=31963'>31963<\/a><\/li>\n\n\n\n<li><a href='?page_no=31964'>31964<\/a><\/li>\n\n    \n\t\n\n<li >\n\t<a href='?page_no=31314'>Next<\/a>\n\t<\/li>\n\n\n    \n\n<li><a href='?page_no=31964'>Last &rsaquo;&rsaquo;<\/a><\/li>\n\n<\/ul>\n\n\n--><br \/>\n<\/body><\/p>\n","protected":false},"excerpt":{"rendered":"<p>Santo Domingo.-El Ministerio P\u00fablico desisti\u00f3 hoy de presentar como testigo a un general y un coronel de la Polic\u00eda Nacional en torno al juicio que se le sigue a los 22 implicados en el caso Paya. El fiscal adjunto Francisco Polanco, quien funge como vocero de los 13 fiscales que participan en el juicio, dijo [&hellip;]<\/p>\n","protected":false},"author":3,"featured_media":0,"comment_status":"open","ping_status":"open","sticky":false,"template":"","format":"standard","meta":{"footnotes":""},"categories":[24],"tags":[],"class_list":["post-156145","post","type-post","status-publish","format-standard","hentry","category-justicia-y-derecho"],"_links":{"self":[{"href":"https:\/\/diariodominicano.com\/index.php?rest_route=\/wp\/v2\/posts\/156145","targetHints":{"allow":["GET"]}}],"collection":[{"href":"https:\/\/diariodominicano.com\/index.php?rest_route=\/wp\/v2\/posts"}],"about":[{"href":"https:\/\/diariodominicano.com\/index.php?rest_route=\/wp\/v2\/types\/post"}],"author":[{"embeddable":true,"href":"https:\/\/diariodominicano.com\/index.php?rest_route=\/wp\/v2\/users\/3"}],"replies":[{"embeddable":true,"href":"https:\/\/diariodominicano.com\/index.php?rest_route=%2Fwp%2Fv2%2Fcomments&post=156145"}],"version-history":[{"count":0,"href":"https:\/\/diariodominicano.com\/index.php?rest_route=\/wp\/v2\/posts\/156145\/revisions"}],"wp:attachment":[{"href":"https:\/\/diariodominicano.com\/index.php?rest_route=%2Fwp%2Fv2%2Fmedia&parent=156145"}],"wp:term":[{"taxonomy":"category","embeddable":true,"href":"https:\/\/diariodominicano.com\/index.php?rest_route=%2Fwp%2Fv2%2Fcategories&post=156145"},{"taxonomy":"post_tag","embeddable":true,"href":"https:\/\/diariodominicano.com\/index.php?rest_route=%2Fwp%2Fv2%2Ftags&post=156145"}],"curies":[{"name":"wp","href":"https:\/\/api.w.org\/{rel}","templated":true}]}}