{"id":156141,"date":"2010-09-09T22:26:04","date_gmt":"2010-09-09T22:26:04","guid":{"rendered":"http:\/\/diariodominicano.ddns.net\/?p=156141"},"modified":"2010-09-09T22:26:04","modified_gmt":"2010-09-09T22:26:04","slug":"senado-dominicano-solicita-a-ee-uu-la-liberacion-de-los-cinco","status":"publish","type":"post","link":"https:\/\/diariodominicano.com\/?p=156141","title":{"rendered":"&#13;Senado dominicano solicita a EE.UU. la liberaci\u00f3n de los Cinco&#13;"},"content":{"rendered":"<p><body><\/p>\n<\/p>\n<p><span class=\"text1noticias\">Santo Domingo, sep 9 (PL) El Senado de Rep\u00fablica Dominicana aprob\u00f3 una resoluci\u00f3n llamando al Presidente norteamericano, Barack Obama, a liberar los cinco antiterroristas cubanos presos en c\u00e1rceles de Estados Unidos.<\/span><\/p>\n<\/p>\n<p><span class=\"text1noticias\">Ram\u00f3n Laba\u00f1ino, Ren\u00e9 Gonz\u00e1lez, Fernando Gonz\u00e1lez, Antonio Guerrero y Gerardo Hern\u00e1ndez, conocidos como los Cinco H\u00e9roes Antiterroristas Cubanos, deben ser perdonados y liberados, se\u00f1ala la resoluci\u00f3n adoptada en sesi\u00f3n efectuada el martes.<\/span><\/p>\n<\/p>\n<p><span class=\"text1noticias\">El documento propuesto por Euclides R. S\u00e1nchez, senador por la Provincia La Vega, plantea que desde su detenci\u00f3n el 12 de septiembre de 1998, los Cinco fueron acusados de 26 cargos de violaci\u00f3n de leyes federales de Estados Unidos, 24 de las cuales constituyen apenas ofensas t\u00e9cnicas y relativamente menores.<\/span><\/p>\n<\/p>\n<p><span class=\"text1noticias\">El Senado dominicano recuerda que bajo la doctrina de las leyes estadounidenses, conocida t\u00e9cnicamente como la \u00abDefensa de Necesidad\u00bb, la misi\u00f3n de los Cinco era infiltrar y monitorear las actividades de grupos criminales y terroristas para reportar dichas amenazas al Bur\u00f3 Federal de Invcstigaciones (FBI), planeadas contra el pueblo y la Rep\u00fablica de Cuba.<\/span><\/p>\n<\/p>\n<p><span class=\"text1noticias\">Llama la atenci\u00f3n adem\u00e1s que durante varias d\u00e9cadas, m\u00e1s de tres mil ciudadanos cubanos han perdido sus vidas como consecuencia de esas acciones de terrorismo.<\/span><\/p>\n<\/p>\n<p><span class=\"text1noticias\">Denuncia tambien que a pesar de haber sido reconocidos cabecillas de la explosi\u00f3n de una bomba en una aeronave cubana en pleno vuelo, hecho en el que perdieron la vida 73 j\u00f3venes, Orlando Bosch Avila y Luis Faustino Posada Carriles han permanecido en los Estados Unidos sin ser encausados ni recibir sanci\u00f3n alguna por estos hechos.<\/span><\/p>\n<\/p>\n<p><span class=\"text1noticias\">La resoluci\u00f3n cita m\u00e1s adelante las irregularidades registradas en los procesos contra los Cinco y resalta que en 2005, el Grupo de Trabajo sobre Detenciones Arbitrarias de las Naciones Unidas declar\u00f3 el arresto de los antiterroristas como violatorio del convenio internacional sobre \u00abDerechos Civiles y Pol\u00edticos\u00bb, dirigi\u00e9ndose al gobierno de Estados Unidos para que remediara esa situaci\u00f3n.<\/span><\/p>\n<\/p>\n<p><span class=\"text1noticias\">Menciona adem\u00e1s la denuncia de Amnist\u00eda Internacional sobre el trato inhumano dado a los cinco cubanos por la negativa de visas a sus familiares para que los visiten, negando con esto un principio sagrado de humanidad.<\/span><\/p>\n<\/p>\n<p><span class=\"text1noticias\">Finalmente, el Senado de la Rep\u00fablica decidi\u00f3 que esta resoluci\u00f3n sea enviada al Presidente Obama y a la Secretaria de Estado, Hillary Clinton.<\/span><\/p>\n<h6> 2010-09-09 22:26:04 <\/h6>\n<p><!--\n<link rel=\"stylesheet\" href=\"css\/bootstrap.min.css\">\n\n\n<ul class=\"pagination\">\n\t    \n\t\n\n<li >\n\t<a href='?page_no=31308'>Previous<\/a>\n\t<\/li>\n\n\n       \n    \n\n<li><a href='?page_no=1'>1<\/a><\/li>\n\n\n\n<li><a href='?page_no=2'>2<\/a><\/li>\n\n\n\n<li><a>...<\/a><\/li>\n\n\n\n<li><a href='?page_no=31307'>31307<\/a><\/li>\n\n\n\n<li><a href='?page_no=31308'>31308<\/a><\/li>\n\n\n\n<li class='active'><a>31309<\/a><\/li>\n\n\n\n<li><a href='?page_no=31310'>31310<\/a><\/li>\n\n\n\n<li><a href='?page_no=31311'>31311<\/a><\/li>\n\n\n\n<li><a>...<\/a><\/li>\n\n\n\n<li><a href='?page_no=31963'>31963<\/a><\/li>\n\n\n\n<li><a href='?page_no=31964'>31964<\/a><\/li>\n\n    \n\t\n\n<li >\n\t<a href='?page_no=31310'>Next<\/a>\n\t<\/li>\n\n\n    \n\n<li><a href='?page_no=31964'>Last &rsaquo;&rsaquo;<\/a><\/li>\n\n<\/ul>\n\n\n--><br \/>\n<\/body><\/p>\n","protected":false},"excerpt":{"rendered":"<p>Santo Domingo, sep 9 (PL) El Senado de Rep\u00fablica Dominicana aprob\u00f3 una resoluci\u00f3n llamando al Presidente norteamericano, Barack Obama, a liberar los cinco antiterroristas cubanos presos en c\u00e1rceles de Estados Unidos. Ram\u00f3n Laba\u00f1ino, Ren\u00e9 Gonz\u00e1lez, Fernando Gonz\u00e1lez, Antonio Guerrero y Gerardo Hern\u00e1ndez, conocidos como los Cinco H\u00e9roes Antiterroristas Cubanos, deben ser perdonados y liberados, se\u00f1ala [&hellip;]<\/p>\n","protected":false},"author":3,"featured_media":0,"comment_status":"open","ping_status":"open","sticky":false,"template":"","format":"standard","meta":{"footnotes":""},"categories":[24],"tags":[],"class_list":["post-156141","post","type-post","status-publish","format-standard","hentry","category-justicia-y-derecho"],"_links":{"self":[{"href":"https:\/\/diariodominicano.com\/index.php?rest_route=\/wp\/v2\/posts\/156141","targetHints":{"allow":["GET"]}}],"collection":[{"href":"https:\/\/diariodominicano.com\/index.php?rest_route=\/wp\/v2\/posts"}],"about":[{"href":"https:\/\/diariodominicano.com\/index.php?rest_route=\/wp\/v2\/types\/post"}],"author":[{"embeddable":true,"href":"https:\/\/diariodominicano.com\/index.php?rest_route=\/wp\/v2\/users\/3"}],"replies":[{"embeddable":true,"href":"https:\/\/diariodominicano.com\/index.php?rest_route=%2Fwp%2Fv2%2Fcomments&post=156141"}],"version-history":[{"count":0,"href":"https:\/\/diariodominicano.com\/index.php?rest_route=\/wp\/v2\/posts\/156141\/revisions"}],"wp:attachment":[{"href":"https:\/\/diariodominicano.com\/index.php?rest_route=%2Fwp%2Fv2%2Fmedia&parent=156141"}],"wp:term":[{"taxonomy":"category","embeddable":true,"href":"https:\/\/diariodominicano.com\/index.php?rest_route=%2Fwp%2Fv2%2Fcategories&post=156141"},{"taxonomy":"post_tag","embeddable":true,"href":"https:\/\/diariodominicano.com\/index.php?rest_route=%2Fwp%2Fv2%2Ftags&post=156141"}],"curies":[{"name":"wp","href":"https:\/\/api.w.org\/{rel}","templated":true}]}}