{"id":156134,"date":"2010-09-10T18:09:59","date_gmt":"2010-09-10T18:09:59","guid":{"rendered":"http:\/\/diariodominicano.ddns.net\/?p=156134"},"modified":"2010-09-10T18:09:59","modified_gmt":"2010-09-10T18:09:59","slug":"senador-reclama-cese-apagones-en-elias-pina","status":"publish","type":"post","link":"https:\/\/diariodominicano.com\/?p=156134","title":{"rendered":"Senador reclama cese apagones en El\u00edas Pi\u00f1a"},"content":{"rendered":"<p><body><\/p>\n<p><span class=\"text1noticias\">EL\u00ccAS PI\u00d1A, RD, 10 Sept .- El senador de El\u00edas Pi\u00f1a denunci\u00f3 que los apagones han trastornado la vida de los residentes en esa provincia, ya que s\u00f3lo reciben cuatro y cinco horas de energ\u00eda el\u00e9ctrica al d\u00eda, lo que tambi\u00e9n afecta dr\u00e1sticamente la productividad de la zona y el bienestar familiar.<\/span><\/p>\n<p><span class=\"text1noticias\"> <\/span><\/p>\n<p><span class=\"text1noticias\">Adriano S\u00e1nchez Roa dijo que adem\u00e1s de no cumplir ni siquiera con un 25 por ciento de la demanda el\u00e9ctrica, el poco servicio que reciben les llega en las horas que menos lo necesitan, calificando el hecho como un abuso hacia una poblaci\u00f3n pobre y trabajadora, como es la de esa provincia sure\u00f1a.<\/span><\/p>\n<p><span class=\"text1noticias\"> <\/span><\/p>\n<p><span class=\"text1noticias\">?Las tarifas de la luz son cada vez m\u00e1s altas y los apagones m\u00e1s prolongados y frecuentes, con una situaci\u00f3n como esta c\u00f3mo se le exige a la ciudadan\u00eda pagar un servicio que no est\u00e1n recibiendo?, dijo el legislador.<\/span><\/p>\n<p><span class=\"text1noticias\"> <\/span><\/p>\n<p><span class=\"text1noticias\">Explic\u00f3 que la estrategia el\u00e9ctrica del presidente Leonel Fern\u00e1ndez es correcta, y que ya se ven\u00edan logrando poblaciones con 24 horas de luz, donde iba a entrar Comendador, pero que la administraci\u00f3n de Celso Marrancini se ha concentrado a ayudar a los generadores de electricidad, y no al pueblo dominicano, que es el real due\u00f1o de la CEDEE.<\/span><\/p>\n<p><span class=\"text1noticias\"> <\/span><\/p>\n<p><span class=\"text1noticias\">El senador de El\u00edas Pi\u00f1a demand\u00f3 de las empresas de electricidad, explicarle al pa\u00eds a donde han ido a parar los cientos de millones de d\u00f3lares que le ha entregado el gobierno, solamente en el presente a\u00f1o.<\/span><\/p>\n<p><span class=\"text1noticias\"> <\/span><\/p>\n<p><span class=\"text1noticias\">?Por eso nosotros sometimos al Senado un proyecto de ley que busca que rescindir todos los contratos con las empresas el\u00e9ctricas, pues se lograr\u00eda disminuir en un 35% el subsidio del gobierno, mientras que los usuarios ver\u00eda reducir sus facturas en un 23%, porque no est\u00e1 claro a donde van a parar esos recursos?, manifest\u00f3 el representante de El\u00edas Pi\u00f1a.<\/span><\/p>\n<p><span class=\"text1noticias\"> <\/span><\/p>\n<p><span class=\"text1noticias\">S\u00e1nchez Roa dijo que adem\u00e1s de trastornar el desarrollo normal de la vida de El\u00edas Pi\u00f1a, los apagones se convierten en c\u00f3mplices de los delincuentes, que aprovechan la oscuridad para cometer sus fechor\u00edas.<\/span><\/p>\n<p><span class=\"text1noticias\"> <\/span><\/p>\n<p><span class=\"text1noticias\">Consider\u00f3 una distorsi\u00f3n que hay que corregir, que gobierno haya tenido que recortar un 20% de los recursos destinados a importantes instituciones oficiales, para entreg\u00e1rselos a las empresas el\u00e9ctricas, en vez de dedicarlos a la implementaci\u00f3n de otros programas, que benefician a la ciudadan\u00eda, especialmente a los pobres.<\/span><\/p>\n<p><span class=\"text1noticias\"> <\/span><\/p>\n<p><span class=\"text1noticias\">?El\u00edas Pi\u00f1a es una de las provincias m\u00e1s pobres del pa\u00eds, y encima de esto, los apagones no s\u00f3lo les han da\u00f1ado los electrodom\u00e9sticos a un gran n\u00famero de familias, sino que hasta viviendas han sido consumidas por incendios provocados por las constantes interrupciones el\u00e9ctricas?, enfatiz\u00f3 el senador S\u00e1nchez Roa<\/span><\/p>\n<\/p>\n<h6> 2010-09-10 18:09:59 <\/h6>\n<p><!--\n<link rel=\"stylesheet\" href=\"css\/bootstrap.min.css\">\n\n\n<ul class=\"pagination\">\n\t    \n\t\n\n<li >\n\t<a href='?page_no=31301'>Previous<\/a>\n\t<\/li>\n\n\n       \n    \n\n<li><a href='?page_no=1'>1<\/a><\/li>\n\n\n\n<li><a href='?page_no=2'>2<\/a><\/li>\n\n\n\n<li><a>...<\/a><\/li>\n\n\n\n<li><a href='?page_no=31300'>31300<\/a><\/li>\n\n\n\n<li><a href='?page_no=31301'>31301<\/a><\/li>\n\n\n\n<li class='active'><a>31302<\/a><\/li>\n\n\n\n<li><a href='?page_no=31303'>31303<\/a><\/li>\n\n\n\n<li><a href='?page_no=31304'>31304<\/a><\/li>\n\n\n\n<li><a>...<\/a><\/li>\n\n\n\n<li><a href='?page_no=31963'>31963<\/a><\/li>\n\n\n\n<li><a href='?page_no=31964'>31964<\/a><\/li>\n\n    \n\t\n\n<li >\n\t<a href='?page_no=31303'>Next<\/a>\n\t<\/li>\n\n\n    \n\n<li><a href='?page_no=31964'>Last &rsaquo;&rsaquo;<\/a><\/li>\n\n<\/ul>\n\n\n--><br \/>\n<\/body><\/p>\n","protected":false},"excerpt":{"rendered":"<p>EL\u00ccAS PI\u00d1A, RD, 10 Sept .- El senador de El\u00edas Pi\u00f1a denunci\u00f3 que los apagones han trastornado la vida de los residentes en esa provincia, ya que s\u00f3lo reciben cuatro y cinco horas de energ\u00eda el\u00e9ctrica al d\u00eda, lo que tambi\u00e9n afecta dr\u00e1sticamente la productividad de la zona y el bienestar familiar. Adriano S\u00e1nchez Roa [&hellip;]<\/p>\n","protected":false},"author":3,"featured_media":0,"comment_status":"open","ping_status":"open","sticky":false,"template":"","format":"standard","meta":{"footnotes":""},"categories":[24],"tags":[],"class_list":["post-156134","post","type-post","status-publish","format-standard","hentry","category-justicia-y-derecho"],"_links":{"self":[{"href":"https:\/\/diariodominicano.com\/index.php?rest_route=\/wp\/v2\/posts\/156134","targetHints":{"allow":["GET"]}}],"collection":[{"href":"https:\/\/diariodominicano.com\/index.php?rest_route=\/wp\/v2\/posts"}],"about":[{"href":"https:\/\/diariodominicano.com\/index.php?rest_route=\/wp\/v2\/types\/post"}],"author":[{"embeddable":true,"href":"https:\/\/diariodominicano.com\/index.php?rest_route=\/wp\/v2\/users\/3"}],"replies":[{"embeddable":true,"href":"https:\/\/diariodominicano.com\/index.php?rest_route=%2Fwp%2Fv2%2Fcomments&post=156134"}],"version-history":[{"count":0,"href":"https:\/\/diariodominicano.com\/index.php?rest_route=\/wp\/v2\/posts\/156134\/revisions"}],"wp:attachment":[{"href":"https:\/\/diariodominicano.com\/index.php?rest_route=%2Fwp%2Fv2%2Fmedia&parent=156134"}],"wp:term":[{"taxonomy":"category","embeddable":true,"href":"https:\/\/diariodominicano.com\/index.php?rest_route=%2Fwp%2Fv2%2Fcategories&post=156134"},{"taxonomy":"post_tag","embeddable":true,"href":"https:\/\/diariodominicano.com\/index.php?rest_route=%2Fwp%2Fv2%2Ftags&post=156134"}],"curies":[{"name":"wp","href":"https:\/\/api.w.org\/{rel}","templated":true}]}}