{"id":156133,"date":"2010-09-10T19:08:21","date_gmt":"2010-09-10T19:08:21","guid":{"rendered":"http:\/\/diariodominicano.ddns.net\/?p=156133"},"modified":"2010-09-10T19:08:21","modified_gmt":"2010-09-10T19:08:21","slug":"fallece-juan-mari-bras","status":"publish","type":"post","link":"https:\/\/diariodominicano.com\/?p=156133","title":{"rendered":"Fallece Juan Mari Br\u00e1s"},"content":{"rendered":"<p><body><\/p>\n<p><img decoding=\"async\" src=\"http:\/\/localhost:8080\/justiciayderecho\/img3\/Mari11.JPG\" \/><br \/><img decoding=\"async\" src=\"http:\/\/localhost:8080\/justiciayderecho\/img3\/Mari bras.JPG\" \/><br \/><img decoding=\"async\" src=\"http:\/\/localhost:8080\/justiciayderecho\/img3\/Mari6.JPG\" \/>  <\/p>\n<ul>\n<li><em><strong><span class=\"text1noticias\">Familia del l\u00edder independentista Juan Mari Br\u00e1s ofrece detalles de los actos f\u00fanebres <\/span><\/strong><\/em><\/li>\n<\/ul>\n<p><span class=\"text1noticias\">Por Yaritza Rivas y Sandra Caqu\u00edas<\/span><\/p>\n<p><span class=\"text1noticias\"><em>Juan Mari Br\u00e1s muri\u00f3 convencido de que Puerto Rico, en su momento, ser\u00e1 libre.<\/em><\/span><\/p>\n<\/p>\n<p><span class=\"text1noticias\">As\u00ed lo manifest\u00f3 esta ma\u00f1ana la periodista Mari Mari Narv\u00e1ez, hija de l\u00edder independentista, luego de que esta madrugada Mari Br\u00e1s falleciera en el hogar de su esposa, Marta Br\u00e1s Vilella, en R\u00edo Piedras. <\/span><\/p>\n<\/p>\n<p><span class=\"text1noticias\">?Muri\u00f3 muy tranquilo?, dijo la hija al detallar que el c\u00e1ncer del pulm\u00f3n y una ca\u00edda que tuvo este a\u00f1o deterioran su salud, pero no su esp\u00edritu. <\/span><\/p>\n<\/p>\n<p><span class=\"text1noticias\">?Fue un eterno optimista. Mi pap\u00e1 luch\u00f3 durante 68 a\u00f1os todos los d\u00edas de su vida por la independencia de Puerto Rico?, dijo Mari Narv\u00e1ez. ?Desde que tengo uso de raz\u00f3n, no lo conoc\u00ed sin el amor por la independencia?, agreg\u00f3.<\/span><\/p>\n<\/p>\n<p><span class=\"text1noticias\">Al momento de su deceso, el fundador del Partido Socialista Puertorrique\u00f1o y cofundador del Partido Independentista Puertorrique\u00f1o ten\u00eda 82 a\u00f1os. Le sobreviven su esposa Marta Br\u00e1s Vilella y sus hijos Rosa Mercedes, Mari, Teresa Mar\u00eda, Mariana y Juan Ra\u00fal.<\/span><\/p>\n<\/p>\n<p><span class=\"text1noticias\">?En este d\u00eda, sabemos que nuestro dolor es compartido? Somos muchos los hijos e hijas, los hermanos y hermanas, los nietos y nietas de Pap\u00e1. En cada organizaci\u00f3n que lucha y en el coraz\u00f3n palpitante de cada patriota puertorrique\u00f1o hay un hijo e hija de Don Juan. \u00c9l ha partido f\u00edsicamente, mas su obra, su historia de lucha plena y su esp\u00edritu, siempre acompa\u00f1ar\u00e1n los pasos de nuestra patria?, expres\u00f3 la familia en un comunicado.<\/span><\/p>\n<\/p>\n<p><span class=\"text1noticias\">El cuerpo del l\u00edder independentista estar\u00e1 expuesto desde las 4:00 de esta tarde en el Colegio de Abogados en Miramar. Ma\u00f1ana, a las 9:00 a.m., la familia invita al pueblo puertorrique\u00f1o a unirse a la comitiva f\u00fanebre en una caravana que partir\u00e1 de la sede de los togados por la PR-2 hacia Mayag\u00fcez, ciudad natal de Mari Br\u00e1s.  <\/span><\/p>\n<\/p>\n<p><span class=\"text1noticias\">En la Sultana del Oeste, se celebrar\u00e1 un acto cultural en el casco urbano del pueblo, y luego trasladar\u00e1n el cuerpo a la Funeraria Mayag\u00fcez Memorial, precis\u00f3 al familia.<\/span><\/p>\n<\/p>\n<p><span class=\"text1noticias\">El domingo en la ma\u00f1ana, habr\u00e1 una misa de cuerpo presente en la Catedral Nuestra Se\u00f1ora de la Candelaria. El sepelio ser\u00e1 en la tarde en el Cementerio Viejo Municipal de Mayag\u00fcez.<\/span><\/p>\n<\/p>\n<p><span class=\"text1noticias\">El l\u00edder independentista rindi\u00f3 su \u00faltimo aliento sin que las autoridades hayan esclarecido el asesinato de su hijo Santiago Mari Pesquera, en 1979.<\/span><\/p>\n<\/p>\n<p><span class=\"text1noticias\">?Eso no lo amarg\u00f3. Cuando mataron a Chagui \u00e9l dijo ante su tumba, ?la venganza no cabe en los corazones de los verdaderos revolucionarios??, record\u00f3 su hija Mari Narv\u00e1ez, quien a\u00fan no hab\u00eda nacido cuando falleci\u00f3 su hermano mayor, sin embargo lo quiere y lo admira. <\/span><\/p>\n<p><span class=\"text1noticias\">El Nuevo D\u00eda<\/span><\/p>\n<\/p>\n<h6> 2010-09-10 19:08:21 <\/h6>\n<p><!--\n<link rel=\"stylesheet\" href=\"css\/bootstrap.min.css\">\n\n\n<ul class=\"pagination\">\n\t    \n\t\n\n<li >\n\t<a href='?page_no=31300'>Previous<\/a>\n\t<\/li>\n\n\n       \n    \n\n<li><a href='?page_no=1'>1<\/a><\/li>\n\n\n\n<li><a href='?page_no=2'>2<\/a><\/li>\n\n\n\n<li><a>...<\/a><\/li>\n\n\n\n<li><a href='?page_no=31299'>31299<\/a><\/li>\n\n\n\n<li><a href='?page_no=31300'>31300<\/a><\/li>\n\n\n\n<li class='active'><a>31301<\/a><\/li>\n\n\n\n<li><a href='?page_no=31302'>31302<\/a><\/li>\n\n\n\n<li><a href='?page_no=31303'>31303<\/a><\/li>\n\n\n\n<li><a>...<\/a><\/li>\n\n\n\n<li><a href='?page_no=31963'>31963<\/a><\/li>\n\n\n\n<li><a href='?page_no=31964'>31964<\/a><\/li>\n\n    \n\t\n\n<li >\n\t<a href='?page_no=31302'>Next<\/a>\n\t<\/li>\n\n\n    \n\n<li><a href='?page_no=31964'>Last &rsaquo;&rsaquo;<\/a><\/li>\n\n<\/ul>\n\n\n--><br \/>\n<\/body><\/p>\n","protected":false},"excerpt":{"rendered":"<p>Familia del l\u00edder independentista Juan Mari Br\u00e1s ofrece detalles de los actos f\u00fanebres Por Yaritza Rivas y Sandra Caqu\u00edas Juan Mari Br\u00e1s muri\u00f3 convencido de que Puerto Rico, en su momento, ser\u00e1 libre. As\u00ed lo manifest\u00f3 esta ma\u00f1ana la periodista Mari Mari Narv\u00e1ez, hija de l\u00edder independentista, luego de que esta madrugada Mari Br\u00e1s falleciera [&hellip;]<\/p>\n","protected":false},"author":3,"featured_media":0,"comment_status":"open","ping_status":"open","sticky":false,"template":"","format":"standard","meta":{"footnotes":""},"categories":[24],"tags":[],"class_list":["post-156133","post","type-post","status-publish","format-standard","hentry","category-justicia-y-derecho"],"_links":{"self":[{"href":"https:\/\/diariodominicano.com\/index.php?rest_route=\/wp\/v2\/posts\/156133","targetHints":{"allow":["GET"]}}],"collection":[{"href":"https:\/\/diariodominicano.com\/index.php?rest_route=\/wp\/v2\/posts"}],"about":[{"href":"https:\/\/diariodominicano.com\/index.php?rest_route=\/wp\/v2\/types\/post"}],"author":[{"embeddable":true,"href":"https:\/\/diariodominicano.com\/index.php?rest_route=\/wp\/v2\/users\/3"}],"replies":[{"embeddable":true,"href":"https:\/\/diariodominicano.com\/index.php?rest_route=%2Fwp%2Fv2%2Fcomments&post=156133"}],"version-history":[{"count":0,"href":"https:\/\/diariodominicano.com\/index.php?rest_route=\/wp\/v2\/posts\/156133\/revisions"}],"wp:attachment":[{"href":"https:\/\/diariodominicano.com\/index.php?rest_route=%2Fwp%2Fv2%2Fmedia&parent=156133"}],"wp:term":[{"taxonomy":"category","embeddable":true,"href":"https:\/\/diariodominicano.com\/index.php?rest_route=%2Fwp%2Fv2%2Fcategories&post=156133"},{"taxonomy":"post_tag","embeddable":true,"href":"https:\/\/diariodominicano.com\/index.php?rest_route=%2Fwp%2Fv2%2Ftags&post=156133"}],"curies":[{"name":"wp","href":"https:\/\/api.w.org\/{rel}","templated":true}]}}