{"id":156131,"date":"2010-09-10T19:50:23","date_gmt":"2010-09-10T19:50:23","guid":{"rendered":"http:\/\/diariodominicano.ddns.net\/?p=156131"},"modified":"2010-09-10T19:50:23","modified_gmt":"2010-09-10T19:50:23","slug":"silvio-rodriguez-nominaciones-a-grammy-son-victoria-de-la-cultura-cubana","status":"publish","type":"post","link":"https:\/\/diariodominicano.com\/?p=156131","title":{"rendered":"Silvio Rodr\u00edguez: nominaciones a Grammy son &#8216;victoria de la cultura&#8217; cubana"},"content":{"rendered":"<p><body><\/p>\n<p><img decoding=\"async\" src=\"http:\/\/localhost:8080\/justiciayderecho\/img3\/sirvio rodriquez.jpg\" \/>  <\/p>\n<\/p>\n<p><span class=\"text1noticias\">POR AFP<\/span><\/p>\n<p><span class=\"text1noticias\">LA HABANA<\/span><\/p>\n<p><span class=\"text1noticias\">El cantautor Silvio Rodr\u00edguez destac\u00f3 este viernes su nominaci\u00f3n a los Grammy Latinos y la de otros 12 cubanos, que residen dentro y fuera de la isla, como una \u00abvictoria de la cultura\u00bb cubana.<\/span><\/p>\n<\/p>\n<p><span class=\"text1noticias\">\u00abEntre los nominados hay cubanos de aqu\u00ed y otros que viven fuera; somos 13 cubanos en total. Me parece que es una victoria de la cultura cubana\u00bb, dijo el trovador, en un concierto la noche del jueves en el barrio \u00abLa Corbata\u00bb, oeste de La Habana, seg\u00fan el sitio oficialista Cubadebate.cu.<\/span><\/p>\n<\/p>\n<p><span class=\"text1noticias\">Nominado en la categor\u00eda de Mejor Album Cantautor por su disco \u00abSegunda cita\u00bb, Rodr\u00edguez, de 63 a\u00f1os, explic\u00f3 que los premios, que ser\u00e1n entregados en noviembre, \u00abson ajenos\u00bb a su \u00abforma de trabajar\u00bb, pero destac\u00f3 que recibir \u00abun reconocimiento siempre es bueno\u00bb. <\/span><\/p>\n<\/p>\n<p><span class=\"text1noticias\">\u00abEn particular a un disco como \u00e9ste tan volcado a la realidad cubana. Si hay un disco m\u00edo que mereciera un premio, debiera ser \u00e9ste\u00bb, pues \u00abmira como ning\u00fan otro hacia nosotros\u00bb, coment\u00f3 el m\u00fasico, nominado a los Grammy Latinos en 2007 por \u00abrase que se era\u00bb, y quien realiz\u00f3 este a\u00f1o su primera gira en 30 a\u00f1os por Estados Unidos.<\/span><\/p>\n<\/p>\n<p><span class=\"text1noticias\">Al presentar \u00abSegunda cita\u00bb en marzo, Rodr\u00edguez, fundador de la Nueva Trova junto con Pablo Milan\u00e9s, destac\u00f3 que hab\u00eda \u00abmontones de cosas\u00bb que revisar en la isla, pero que a\u00fan as\u00ed ten\u00eda \u00abmuchas m\u00e1s razones\u00bb para creer en la revoluci\u00f3n, que en sus detractores.<\/span><\/p>\n<\/p>\n<p><span class=\"text1noticias\">Entre los cubanos nominados este a\u00f1o est\u00e1n tambi\u00e9n el m\u00fasico Leo Brouwer (M\u00fasica Cl\u00e1sica), las agrupaciones Septeto Habanero y Sierra Maestra (M\u00fasica Tropical), y el joven compositor Descemer Bueno, autor de \u00abCuando me enamoro\u00bb, tema que cantan el espa\u00f1ol Enrique Iglesias y el dominicano Juan Luis Guerra (Mejor canci\u00f3n del a\u00f1o).<\/span><\/p>\n<\/p>\n<p><span class=\"text1noticias\">La diva del Buena Vista Social Club, Omara Portuondo, se convirti\u00f3 el a\u00f1o pasado en la primera artista cubana residente en la isla en asistir a una premiaci\u00f3n de los Grammy Latinos en Las Vegas, cuando recibi\u00f3 el lauro por \u00abGracias\u00bb en Mejor Album Tropical.<\/span><\/p>\n<\/p>\n<p><span class=\"text1noticias\">Rodr\u00edguez realizar\u00e1 este viernes una presentaci\u00f3n \u00fanica en La Habana para saludar el bicentenario de la independencia de Chile y luego viajar\u00e1 a M\u00e9xico para participar en el concierto \u00abVoces de Am\u00e9rica para Ciudad Ju\u00e1rez\u00bb, urbe mexicana fronteriza con Estados Unidos, sacudida por miles de cr\u00edmenes del narcotr\u00e1fico. <\/span><\/p>\n<h6> 2010-09-10 19:50:23 <\/h6>\n<p><!--\n<link rel=\"stylesheet\" href=\"css\/bootstrap.min.css\">\n\n\n<ul class=\"pagination\">\n\t    \n\t\n\n<li >\n\t<a href='?page_no=31298'>Previous<\/a>\n\t<\/li>\n\n\n       \n    \n\n<li><a href='?page_no=1'>1<\/a><\/li>\n\n\n\n<li><a href='?page_no=2'>2<\/a><\/li>\n\n\n\n<li><a>...<\/a><\/li>\n\n\n\n<li><a href='?page_no=31297'>31297<\/a><\/li>\n\n\n\n<li><a href='?page_no=31298'>31298<\/a><\/li>\n\n\n\n<li class='active'><a>31299<\/a><\/li>\n\n\n\n<li><a href='?page_no=31300'>31300<\/a><\/li>\n\n\n\n<li><a href='?page_no=31301'>31301<\/a><\/li>\n\n\n\n<li><a>...<\/a><\/li>\n\n\n\n<li><a href='?page_no=31963'>31963<\/a><\/li>\n\n\n\n<li><a href='?page_no=31964'>31964<\/a><\/li>\n\n    \n\t\n\n<li >\n\t<a href='?page_no=31300'>Next<\/a>\n\t<\/li>\n\n\n    \n\n<li><a href='?page_no=31964'>Last &rsaquo;&rsaquo;<\/a><\/li>\n\n<\/ul>\n\n\n--><br \/>\n<\/body><\/p>\n","protected":false},"excerpt":{"rendered":"<p>POR AFP LA HABANA El cantautor Silvio Rodr\u00edguez destac\u00f3 este viernes su nominaci\u00f3n a los Grammy Latinos y la de otros 12 cubanos, que residen dentro y fuera de la isla, como una \u00abvictoria de la cultura\u00bb cubana. \u00abEntre los nominados hay cubanos de aqu\u00ed y otros que viven fuera; somos 13 cubanos en total. [&hellip;]<\/p>\n","protected":false},"author":3,"featured_media":0,"comment_status":"open","ping_status":"open","sticky":false,"template":"","format":"standard","meta":{"footnotes":""},"categories":[24],"tags":[],"class_list":["post-156131","post","type-post","status-publish","format-standard","hentry","category-justicia-y-derecho"],"_links":{"self":[{"href":"https:\/\/diariodominicano.com\/index.php?rest_route=\/wp\/v2\/posts\/156131","targetHints":{"allow":["GET"]}}],"collection":[{"href":"https:\/\/diariodominicano.com\/index.php?rest_route=\/wp\/v2\/posts"}],"about":[{"href":"https:\/\/diariodominicano.com\/index.php?rest_route=\/wp\/v2\/types\/post"}],"author":[{"embeddable":true,"href":"https:\/\/diariodominicano.com\/index.php?rest_route=\/wp\/v2\/users\/3"}],"replies":[{"embeddable":true,"href":"https:\/\/diariodominicano.com\/index.php?rest_route=%2Fwp%2Fv2%2Fcomments&post=156131"}],"version-history":[{"count":0,"href":"https:\/\/diariodominicano.com\/index.php?rest_route=\/wp\/v2\/posts\/156131\/revisions"}],"wp:attachment":[{"href":"https:\/\/diariodominicano.com\/index.php?rest_route=%2Fwp%2Fv2%2Fmedia&parent=156131"}],"wp:term":[{"taxonomy":"category","embeddable":true,"href":"https:\/\/diariodominicano.com\/index.php?rest_route=%2Fwp%2Fv2%2Fcategories&post=156131"},{"taxonomy":"post_tag","embeddable":true,"href":"https:\/\/diariodominicano.com\/index.php?rest_route=%2Fwp%2Fv2%2Ftags&post=156131"}],"curies":[{"name":"wp","href":"https:\/\/api.w.org\/{rel}","templated":true}]}}