{"id":156130,"date":"2010-09-10T19:55:16","date_gmt":"2010-09-10T19:55:16","guid":{"rendered":"http:\/\/diariodominicano.ddns.net\/?p=156130"},"modified":"2010-09-10T19:55:16","modified_gmt":"2010-09-10T19:55:16","slug":"anuncian-destitucion-de-dos-jueces-por-multiples-faltas","status":"publish","type":"post","link":"https:\/\/diariodominicano.com\/?p=156130","title":{"rendered":"Anuncian  destituci\u00f3n de dos jueces por m\u00faltiples faltas"},"content":{"rendered":"<p><body><\/p>\n<p><img decoding=\"async\" src=\"http:\/\/localhost:8080\/justiciayderecho\/img3\/subero issa.jpg\" \/>  <\/p>\n<p><span class=\"text1noticias\">Santo Domingo.- El presidente de la Suprema Corte de Justicia (SCJ), doctor Jorge Subero Isa, revel\u00f3 este viernes que dos jueces ser\u00e1n destituidos la pr\u00f3xima semana, y que otros cinco est\u00e1n sometidos a juicio disciplinario. <\/span><\/p>\n<\/p>\n<p><span class=\"text1noticias\">Subero Isa ofreci\u00f3 sus declaraciones en el Palacio Nacional, luego de reunirse con el presidente Leonel Fern\u00e1ndez, a qui\u00e9n rindi\u00f3 un informe de su gesti\u00f3n al frente del m\u00e1s alto organismo judicial. <\/span><\/p>\n<\/p>\n<p><span class=\"text1noticias\"> Al ofrecer la informaci\u00f3n, el presidente de la SCJ asegur\u00f3 que en el \u00e1mbito judicial no hay corrupci\u00f3n, y ?cuando hemos detectado alguno hemos procedido a la destituci\u00f3n de los jueces, yo le puedo asegurar que en t\u00e9rminos generales hemos desarraigado la corrupci\u00f3n, por lo menos, a nivel de la judicatura y de los empleados que sirven de apoyo?. <\/span><\/p>\n<\/p>\n<p><span class=\"text1noticias\">Sobre los jueces que ser\u00e1n destituidos, inform\u00f3 que a uno se le atribuy\u00f3 archivo innecesario de expedientes, mal manejo de los expedientes, mal manejo  de los asuntos administrativo, ?no corrupci\u00f3n financiero, sino maltrato a los empleados y abogados, entre otras irregularidades?.    <\/span><\/p>\n<p><span class=\"text1noticias\">Por otra parte, el presidente de la Suprema afirm\u00f3 que el   Poder Judicial ha tenido un buen desempe\u00f1o en lo que va de a\u00f1o. <\/span><\/p>\n<\/p>\n<p><span class=\"text1noticias\">En ese sentido, inform\u00f3 que el presidente Fern\u00e1ndez le manifest\u00f3 que est\u00e1 conforme con los avances del Poder Judicial, y que estos avances no pueden tener un retroceso, ?que hay que seguir avanzando?. <\/span><\/p>\n<p><span class=\"text1noticias\">Sobre la escogencia y restructuraci\u00f3n de la Suprema Corte de Justicia, el doctor Subero Isa, dijo que no nada detr\u00e1s de continuar presidiendo el organismo, pero que si se lo ofrecen lo rechaza. <\/span><\/p>\n<\/p>\n<h6> 2010-09-10 19:55:16 <\/h6>\n<p><!--\n<link rel=\"stylesheet\" href=\"css\/bootstrap.min.css\">\n\n\n<ul class=\"pagination\">\n\t    \n\t\n\n<li >\n\t<a href='?page_no=31297'>Previous<\/a>\n\t<\/li>\n\n\n       \n    \n\n<li><a href='?page_no=1'>1<\/a><\/li>\n\n\n\n<li><a href='?page_no=2'>2<\/a><\/li>\n\n\n\n<li><a>...<\/a><\/li>\n\n\n\n<li><a href='?page_no=31296'>31296<\/a><\/li>\n\n\n\n<li><a href='?page_no=31297'>31297<\/a><\/li>\n\n\n\n<li class='active'><a>31298<\/a><\/li>\n\n\n\n<li><a href='?page_no=31299'>31299<\/a><\/li>\n\n\n\n<li><a href='?page_no=31300'>31300<\/a><\/li>\n\n\n\n<li><a>...<\/a><\/li>\n\n\n\n<li><a href='?page_no=31963'>31963<\/a><\/li>\n\n\n\n<li><a href='?page_no=31964'>31964<\/a><\/li>\n\n    \n\t\n\n<li >\n\t<a href='?page_no=31299'>Next<\/a>\n\t<\/li>\n\n\n    \n\n<li><a href='?page_no=31964'>Last &rsaquo;&rsaquo;<\/a><\/li>\n\n<\/ul>\n\n\n--><br \/>\n<\/body><\/p>\n","protected":false},"excerpt":{"rendered":"<p>Santo Domingo.- El presidente de la Suprema Corte de Justicia (SCJ), doctor Jorge Subero Isa, revel\u00f3 este viernes que dos jueces ser\u00e1n destituidos la pr\u00f3xima semana, y que otros cinco est\u00e1n sometidos a juicio disciplinario. Subero Isa ofreci\u00f3 sus declaraciones en el Palacio Nacional, luego de reunirse con el presidente Leonel Fern\u00e1ndez, a qui\u00e9n rindi\u00f3 [&hellip;]<\/p>\n","protected":false},"author":3,"featured_media":0,"comment_status":"open","ping_status":"open","sticky":false,"template":"","format":"standard","meta":{"footnotes":""},"categories":[24],"tags":[],"class_list":["post-156130","post","type-post","status-publish","format-standard","hentry","category-justicia-y-derecho"],"_links":{"self":[{"href":"https:\/\/diariodominicano.com\/index.php?rest_route=\/wp\/v2\/posts\/156130","targetHints":{"allow":["GET"]}}],"collection":[{"href":"https:\/\/diariodominicano.com\/index.php?rest_route=\/wp\/v2\/posts"}],"about":[{"href":"https:\/\/diariodominicano.com\/index.php?rest_route=\/wp\/v2\/types\/post"}],"author":[{"embeddable":true,"href":"https:\/\/diariodominicano.com\/index.php?rest_route=\/wp\/v2\/users\/3"}],"replies":[{"embeddable":true,"href":"https:\/\/diariodominicano.com\/index.php?rest_route=%2Fwp%2Fv2%2Fcomments&post=156130"}],"version-history":[{"count":0,"href":"https:\/\/diariodominicano.com\/index.php?rest_route=\/wp\/v2\/posts\/156130\/revisions"}],"wp:attachment":[{"href":"https:\/\/diariodominicano.com\/index.php?rest_route=%2Fwp%2Fv2%2Fmedia&parent=156130"}],"wp:term":[{"taxonomy":"category","embeddable":true,"href":"https:\/\/diariodominicano.com\/index.php?rest_route=%2Fwp%2Fv2%2Fcategories&post=156130"},{"taxonomy":"post_tag","embeddable":true,"href":"https:\/\/diariodominicano.com\/index.php?rest_route=%2Fwp%2Fv2%2Ftags&post=156130"}],"curies":[{"name":"wp","href":"https:\/\/api.w.org\/{rel}","templated":true}]}}