{"id":156129,"date":"2010-09-10T20:00:20","date_gmt":"2010-09-10T20:00:20","guid":{"rendered":"http:\/\/diariodominicano.ddns.net\/?p=156129"},"modified":"2010-09-10T20:00:20","modified_gmt":"2010-09-10T20:00:20","slug":"rafael-alburquerqueprograma-solidaridad-saca-de-la-pobreza-a-miles-de-familias","status":"publish","type":"post","link":"https:\/\/diariodominicano.com\/?p=156129","title":{"rendered":"Rafael Alburquerque:&#13;Programa Solidaridad saca de la pobreza a miles de familias"},"content":{"rendered":"<p><body><\/p>\n<p><img decoding=\"async\" src=\"http:\/\/localhost:8080\/justiciayderecho\/img3\/vice 2 IMG_5009.JPG\" \/><br \/><img decoding=\"async\" src=\"http:\/\/localhost:8080\/justiciayderecho\/img3\/Vice 1IMG_4946.JPG\" \/>  <\/p>\n<\/p>\n<p><span class=\"text1noticias\">Santo Domingo.-El vicepresidente de la Rep\u00fablica, doctor Rafael Alburquerque, inform\u00f3 que de un mill\u00f3n y medio de personas que fueron afectadas por la crisis financiera  del 2003 m\u00e1s de 667 mil ha superado su condici\u00f3n de pobreza en este a\u00f1o gracias a las ejecutorias del Programa Solidaridad y  de otras medidas de car\u00e1cter social implementadas por el Gobierno, seg\u00fan cifras del Programa de las Naciones Unidas para el Desarrollo (PNUD).<\/span><\/p>\n<\/p>\n<p><span class=\"text1noticias\">Agreg\u00f3 que las acciones del Programa Solidaridad van m\u00e1s all\u00e1 de la redistribuci\u00f3n del ingreso nacional, y que est\u00e1n causando un gran impacto con las iniciativas educativas y de promoci\u00f3n humana que realiza el Programa, tambi\u00e9n  los proyectos complementarios dirigidos a las familias, tales como el mejoramiento de viviendas, alfabetizaci\u00f3n de adultos, prevenci\u00f3n del trabajo infantil y promoci\u00f3n de empleos para j\u00f3venes.<\/span><\/p>\n<\/p>\n<p><span class=\"text1noticias\">Consider\u00f3 que la pobreza es un fen\u00f3meno multidimensional, ?y por lo tanto, lo expresado anteriormente es vital para Solidaridad, pues lo que se busca es generar acciones que permitan a los miembros del hogar, sobre todo a los ni\u00f1os y j\u00f3venes, desarrollar sus potencialidades y acceder a oportunidades similares a las del resto de la poblaci\u00f3n?.<\/span><\/p>\n<\/p>\n<p><span class=\"text1noticias\">El vicepresidente Alburquerque ofreci\u00f3 estas declaraciones durante su visita junto al director del Programa Solidaridad, licenciado Fernando Reyes Castro, al encuentro de los N\u00facleos de Familias Solidarias, en Santo Domingo Norte, efectuado el  Multiuso de Sabana Perdida.<\/span> <\/p>\n<\/p>\n<\/p>\n<h6> 2010-09-10 20:00:20 <\/h6>\n<p><!--\n<link rel=\"stylesheet\" href=\"css\/bootstrap.min.css\">\n\n\n<ul class=\"pagination\">\n\t    \n\t\n\n<li >\n\t<a href='?page_no=31296'>Previous<\/a>\n\t<\/li>\n\n\n       \n    \n\n<li><a href='?page_no=1'>1<\/a><\/li>\n\n\n\n<li><a href='?page_no=2'>2<\/a><\/li>\n\n\n\n<li><a>...<\/a><\/li>\n\n\n\n<li><a href='?page_no=31295'>31295<\/a><\/li>\n\n\n\n<li><a href='?page_no=31296'>31296<\/a><\/li>\n\n\n\n<li class='active'><a>31297<\/a><\/li>\n\n\n\n<li><a href='?page_no=31298'>31298<\/a><\/li>\n\n\n\n<li><a href='?page_no=31299'>31299<\/a><\/li>\n\n\n\n<li><a>...<\/a><\/li>\n\n\n\n<li><a href='?page_no=31963'>31963<\/a><\/li>\n\n\n\n<li><a href='?page_no=31964'>31964<\/a><\/li>\n\n    \n\t\n\n<li >\n\t<a href='?page_no=31298'>Next<\/a>\n\t<\/li>\n\n\n    \n\n<li><a href='?page_no=31964'>Last &rsaquo;&rsaquo;<\/a><\/li>\n\n<\/ul>\n\n\n--><br \/>\n<\/body><\/p>\n","protected":false},"excerpt":{"rendered":"<p>Santo Domingo.-El vicepresidente de la Rep\u00fablica, doctor Rafael Alburquerque, inform\u00f3 que de un mill\u00f3n y medio de personas que fueron afectadas por la crisis financiera del 2003 m\u00e1s de 667 mil ha superado su condici\u00f3n de pobreza en este a\u00f1o gracias a las ejecutorias del Programa Solidaridad y de otras medidas de car\u00e1cter social implementadas [&hellip;]<\/p>\n","protected":false},"author":3,"featured_media":0,"comment_status":"open","ping_status":"open","sticky":false,"template":"","format":"standard","meta":{"footnotes":""},"categories":[24],"tags":[],"class_list":["post-156129","post","type-post","status-publish","format-standard","hentry","category-justicia-y-derecho"],"_links":{"self":[{"href":"https:\/\/diariodominicano.com\/index.php?rest_route=\/wp\/v2\/posts\/156129","targetHints":{"allow":["GET"]}}],"collection":[{"href":"https:\/\/diariodominicano.com\/index.php?rest_route=\/wp\/v2\/posts"}],"about":[{"href":"https:\/\/diariodominicano.com\/index.php?rest_route=\/wp\/v2\/types\/post"}],"author":[{"embeddable":true,"href":"https:\/\/diariodominicano.com\/index.php?rest_route=\/wp\/v2\/users\/3"}],"replies":[{"embeddable":true,"href":"https:\/\/diariodominicano.com\/index.php?rest_route=%2Fwp%2Fv2%2Fcomments&post=156129"}],"version-history":[{"count":0,"href":"https:\/\/diariodominicano.com\/index.php?rest_route=\/wp\/v2\/posts\/156129\/revisions"}],"wp:attachment":[{"href":"https:\/\/diariodominicano.com\/index.php?rest_route=%2Fwp%2Fv2%2Fmedia&parent=156129"}],"wp:term":[{"taxonomy":"category","embeddable":true,"href":"https:\/\/diariodominicano.com\/index.php?rest_route=%2Fwp%2Fv2%2Fcategories&post=156129"},{"taxonomy":"post_tag","embeddable":true,"href":"https:\/\/diariodominicano.com\/index.php?rest_route=%2Fwp%2Fv2%2Ftags&post=156129"}],"curies":[{"name":"wp","href":"https:\/\/api.w.org\/{rel}","templated":true}]}}