{"id":156128,"date":"2010-09-10T20:26:47","date_gmt":"2010-09-10T20:26:47","guid":{"rendered":"http:\/\/diariodominicano.ddns.net\/?p=156128"},"modified":"2010-09-10T20:26:47","modified_gmt":"2010-09-10T20:26:47","slug":"policia-apresa-dos-adolescentes-de-16-y-17-anos-habian-secuestrado-taxista-para-despojarlo-de-vehiculo","status":"publish","type":"post","link":"https:\/\/diariodominicano.com\/?p=156128","title":{"rendered":"Polic\u00eda apresa dos adolescentes de 16 y 17 a\u00f1os hab\u00edan secuestrado taxista para despojarlo de veh\u00edculo."},"content":{"rendered":"<p><body><\/p>\n<p><span class=\"text1noticias\"> <\/span><\/p>\n<p><span class=\"text1noticias\">Santo Domingo.-La Polic\u00eda inform\u00f3 hoy que agentes de la Direcci\u00f3n Regional Santo Domingo Oriental apresaron anoche tras una tenaz persecuci\u00f3n a dos de tres presuntos delincuentes menores de edad, quienes hab\u00edan secuestrado un taxista para despojarlo de su veh\u00edculo.<\/span><\/p>\n<\/p>\n<p><span class=\"text1noticias\">El arresto de los adolescentes de 16 y 17 a\u00f1os, respectivamente, se produjo en la intercepci\u00f3n de las carreteras Mella y Cansino Viejo, donde chocaron el veh\u00edculo Toyota Corolla, a\u00f1o 1994, color azul, placa n\u00famero A176923, que hab\u00eda despojado al taxista Alfy Altagracia Ram\u00edrez de la Cruz.<\/span><\/p>\n<\/p>\n<p><span class=\"text1noticias\">En poder de los detenidos, quienes llevaban al taxista secuestrado, se ocup\u00f3 tres celulares, entre ellos un Alcatel, un ZTE, y otro Huawei, as\u00ed como la suma de RD$1,200.00 pesos en efectivo y un revolver  marca Smith &amp; Wesson, cal.38, No.284451, con dos capsulas, sin ning\u00fan tipo de documentos.<\/span><\/p>\n<\/p>\n<p><span class=\"text1noticias\">Los detenidos admitieron haber interceptado al taxista Ram\u00edrez de la Cruz en la avenida Charles de Gaulle, y llev\u00e1rselo con la intensi\u00f3n de despojarlo del referido veh\u00edculo.<\/span><\/p>\n<\/p>\n<p><span class=\"text1noticias\">Alegan que cuando transitaban por la citada avenida fueron mandados a detener por una patrulla, pero que hicieron caso omiso y emprendieron la huida, colisionando al cruzar por la carretera Mella.<\/span><\/p>\n<\/p>\n<p><span class=\"text1noticias\">Otras acciones<\/span><\/p>\n<\/p>\n<p><span class=\"text1noticias\">En tras acciones, personal de la Direcci\u00f3n Santo Domingo Oriental, apresaron varias personas a las que ocuparon drogas y embutidos que hab\u00edan robado de un comercio<\/span><\/p>\n<\/p>\n<p><span class=\"text1noticias\">Dijo que en Los Frailes fue apresado Sergio Viernchez, de 20 a\u00f1os, a quien se le ocup\u00f3 dos porciones de un material rocoso, y una porci\u00f3n de un vegetal presumiblemente crack y marihuana. El detenido fue enviado al Departamento de Antinarc\u00f3ticos de la Polic\u00eda<\/span><\/p>\n<\/p>\n<p><span class=\"text1noticias\">Mientras que Robert Manzanillo Gonz\u00e1lez, de 23 a\u00f1os, fue detenido en el sector de Mendoza, a quien se le ocup\u00f3 42 salamis de diferentes marcas, 18 jamones, entre ellos 14 redondo y cuatro   cuadrados, as\u00ed como la mitad de un queso amarillo, siete salamis peque\u00f1o, una funda llena de longanizas. Tambi\u00e9n se le ocup\u00f3 dos machetes, y una pata de cabra.<\/span><\/p>\n<h6> 2010-09-10 20:26:47 <\/h6>\n<p><!--\n<link rel=\"stylesheet\" href=\"css\/bootstrap.min.css\">\n\n\n<ul class=\"pagination\">\n\t    \n\t\n\n<li >\n\t<a href='?page_no=31295'>Previous<\/a>\n\t<\/li>\n\n\n       \n    \n\n<li><a href='?page_no=1'>1<\/a><\/li>\n\n\n\n<li><a href='?page_no=2'>2<\/a><\/li>\n\n\n\n<li><a>...<\/a><\/li>\n\n\n\n<li><a href='?page_no=31294'>31294<\/a><\/li>\n\n\n\n<li><a href='?page_no=31295'>31295<\/a><\/li>\n\n\n\n<li class='active'><a>31296<\/a><\/li>\n\n\n\n<li><a href='?page_no=31297'>31297<\/a><\/li>\n\n\n\n<li><a href='?page_no=31298'>31298<\/a><\/li>\n\n\n\n<li><a>...<\/a><\/li>\n\n\n\n<li><a href='?page_no=31963'>31963<\/a><\/li>\n\n\n\n<li><a href='?page_no=31964'>31964<\/a><\/li>\n\n    \n\t\n\n<li >\n\t<a href='?page_no=31297'>Next<\/a>\n\t<\/li>\n\n\n    \n\n<li><a href='?page_no=31964'>Last &rsaquo;&rsaquo;<\/a><\/li>\n\n<\/ul>\n\n\n--><br \/>\n<\/body><\/p>\n","protected":false},"excerpt":{"rendered":"<p>Santo Domingo.-La Polic\u00eda inform\u00f3 hoy que agentes de la Direcci\u00f3n Regional Santo Domingo Oriental apresaron anoche tras una tenaz persecuci\u00f3n a dos de tres presuntos delincuentes menores de edad, quienes hab\u00edan secuestrado un taxista para despojarlo de su veh\u00edculo. El arresto de los adolescentes de 16 y 17 a\u00f1os, respectivamente, se produjo en la intercepci\u00f3n [&hellip;]<\/p>\n","protected":false},"author":3,"featured_media":0,"comment_status":"open","ping_status":"open","sticky":false,"template":"","format":"standard","meta":{"footnotes":""},"categories":[24],"tags":[],"class_list":["post-156128","post","type-post","status-publish","format-standard","hentry","category-justicia-y-derecho"],"_links":{"self":[{"href":"https:\/\/diariodominicano.com\/index.php?rest_route=\/wp\/v2\/posts\/156128","targetHints":{"allow":["GET"]}}],"collection":[{"href":"https:\/\/diariodominicano.com\/index.php?rest_route=\/wp\/v2\/posts"}],"about":[{"href":"https:\/\/diariodominicano.com\/index.php?rest_route=\/wp\/v2\/types\/post"}],"author":[{"embeddable":true,"href":"https:\/\/diariodominicano.com\/index.php?rest_route=\/wp\/v2\/users\/3"}],"replies":[{"embeddable":true,"href":"https:\/\/diariodominicano.com\/index.php?rest_route=%2Fwp%2Fv2%2Fcomments&post=156128"}],"version-history":[{"count":0,"href":"https:\/\/diariodominicano.com\/index.php?rest_route=\/wp\/v2\/posts\/156128\/revisions"}],"wp:attachment":[{"href":"https:\/\/diariodominicano.com\/index.php?rest_route=%2Fwp%2Fv2%2Fmedia&parent=156128"}],"wp:term":[{"taxonomy":"category","embeddable":true,"href":"https:\/\/diariodominicano.com\/index.php?rest_route=%2Fwp%2Fv2%2Fcategories&post=156128"},{"taxonomy":"post_tag","embeddable":true,"href":"https:\/\/diariodominicano.com\/index.php?rest_route=%2Fwp%2Fv2%2Ftags&post=156128"}],"curies":[{"name":"wp","href":"https:\/\/api.w.org\/{rel}","templated":true}]}}