{"id":156127,"date":"2010-09-10T20:29:24","date_gmt":"2010-09-10T20:29:24","guid":{"rendered":"http:\/\/diariodominicano.ddns.net\/?p=156127"},"modified":"2010-09-10T20:29:24","modified_gmt":"2010-09-10T20:29:24","slug":"policia-persigue-hombre-mato-haitiano-en-medio-de-rina-desconocido-se-lanza-de-puente-de-la-17","status":"publish","type":"post","link":"https:\/\/diariodominicano.com\/?p=156127","title":{"rendered":"&#13;Polic\u00eda persigue hombre mat\u00f3 haitiano en medio de ri\u00f1a; desconocido se lanza de puente de la 17."},"content":{"rendered":"<p><body><\/p>\n<p><span class=\"text1noticias\"> <\/span><\/p>\n<p><span class=\"text1noticias\">Santo Domingo.-La Polic\u00eda inform\u00f3 hoy que persigue a un hombre que ayer mat\u00f3 de una pu\u00f1alada a un haitiano en medio de una ri\u00f1a por motivos ignorados ocurrida en la avenida Abraham Lincoln, frente al colegio  Dom\u00ednico-Americano, de la Zona Universitaria.<\/span><\/p>\n<\/p>\n<p><span class=\"text1noticias\">La instituci\u00f3n del orden dijo que la v\u00edctima fue identificada s\u00f3lo con el nombre de Wiseph, de unos 30 a\u00f1os, quien falleci\u00f3 en el lugar del hecho a causa de una estocada en el costado izquierdo ocasionada por un hombre conocido como Beb\u00e9, quien tras cometer el hecho emprendi\u00f3 la huida.<\/span><\/p>\n<\/p>\n<p><span class=\"text1noticias\">La Polic\u00eda estableci\u00f3 que el homicida, quien est\u00e1 siendo buscado para ser sometido a la justicia, reside en el sector Valiente, de Santo Domingo Este.<\/span><\/p>\n<\/p>\n<p><span class=\"text1noticias\">HOMBRE MUERE AL LANZARSE DE PUENTE DE LA 17<\/span><\/p>\n<\/p>\n<p><span class=\"text1noticias\">Por otra parte, la Polic\u00eda inform\u00f3 que una persona no identificada muri\u00f3 ayer ahogada tras lanzarse con fines suicida al r\u00edo Ozama desde el puente Francisco del Rosario S\u00e1nchez, conocido como el de La 17.<\/span><\/p>\n<p><span class=\"text1noticias\">La Polic\u00eda dijo que la v\u00edctima es de tez clara, pelo crespo, estatura de 5.7,, de unos 45 a 50 a\u00f1os, y vest\u00eda pantal\u00f3n blanco, camisa azul con rayas blancas.<\/span><\/p>\n<\/p>\n<p><span class=\"text1noticias\">En tanto, el m\u00e9dico legista certific\u00f3 su muerte a causa de asfixia por inmersi\u00f3n, mientras que oficiales de la Direcci\u00f3n de Investigaciones Criminales indagan las circunstancias de esa muerte.<\/span><\/p>\n<h6> 2010-09-10 20:29:24 <\/h6>\n<p><!--\n<link rel=\"stylesheet\" href=\"css\/bootstrap.min.css\">\n\n\n<ul class=\"pagination\">\n\t    \n\t\n\n<li >\n\t<a href='?page_no=31294'>Previous<\/a>\n\t<\/li>\n\n\n       \n    \n\n<li><a href='?page_no=1'>1<\/a><\/li>\n\n\n\n<li><a href='?page_no=2'>2<\/a><\/li>\n\n\n\n<li><a>...<\/a><\/li>\n\n\n\n<li><a href='?page_no=31293'>31293<\/a><\/li>\n\n\n\n<li><a href='?page_no=31294'>31294<\/a><\/li>\n\n\n\n<li class='active'><a>31295<\/a><\/li>\n\n\n\n<li><a href='?page_no=31296'>31296<\/a><\/li>\n\n\n\n<li><a href='?page_no=31297'>31297<\/a><\/li>\n\n\n\n<li><a>...<\/a><\/li>\n\n\n\n<li><a href='?page_no=31963'>31963<\/a><\/li>\n\n\n\n<li><a href='?page_no=31964'>31964<\/a><\/li>\n\n    \n\t\n\n<li >\n\t<a href='?page_no=31296'>Next<\/a>\n\t<\/li>\n\n\n    \n\n<li><a href='?page_no=31964'>Last &rsaquo;&rsaquo;<\/a><\/li>\n\n<\/ul>\n\n\n--><br \/>\n<\/body><\/p>\n","protected":false},"excerpt":{"rendered":"<p>Santo Domingo.-La Polic\u00eda inform\u00f3 hoy que persigue a un hombre que ayer mat\u00f3 de una pu\u00f1alada a un haitiano en medio de una ri\u00f1a por motivos ignorados ocurrida en la avenida Abraham Lincoln, frente al colegio Dom\u00ednico-Americano, de la Zona Universitaria. La instituci\u00f3n del orden dijo que la v\u00edctima fue identificada s\u00f3lo con el nombre [&hellip;]<\/p>\n","protected":false},"author":3,"featured_media":0,"comment_status":"open","ping_status":"open","sticky":false,"template":"","format":"standard","meta":{"footnotes":""},"categories":[24],"tags":[],"class_list":["post-156127","post","type-post","status-publish","format-standard","hentry","category-justicia-y-derecho"],"_links":{"self":[{"href":"https:\/\/diariodominicano.com\/index.php?rest_route=\/wp\/v2\/posts\/156127","targetHints":{"allow":["GET"]}}],"collection":[{"href":"https:\/\/diariodominicano.com\/index.php?rest_route=\/wp\/v2\/posts"}],"about":[{"href":"https:\/\/diariodominicano.com\/index.php?rest_route=\/wp\/v2\/types\/post"}],"author":[{"embeddable":true,"href":"https:\/\/diariodominicano.com\/index.php?rest_route=\/wp\/v2\/users\/3"}],"replies":[{"embeddable":true,"href":"https:\/\/diariodominicano.com\/index.php?rest_route=%2Fwp%2Fv2%2Fcomments&post=156127"}],"version-history":[{"count":0,"href":"https:\/\/diariodominicano.com\/index.php?rest_route=\/wp\/v2\/posts\/156127\/revisions"}],"wp:attachment":[{"href":"https:\/\/diariodominicano.com\/index.php?rest_route=%2Fwp%2Fv2%2Fmedia&parent=156127"}],"wp:term":[{"taxonomy":"category","embeddable":true,"href":"https:\/\/diariodominicano.com\/index.php?rest_route=%2Fwp%2Fv2%2Fcategories&post=156127"},{"taxonomy":"post_tag","embeddable":true,"href":"https:\/\/diariodominicano.com\/index.php?rest_route=%2Fwp%2Fv2%2Ftags&post=156127"}],"curies":[{"name":"wp","href":"https:\/\/api.w.org\/{rel}","templated":true}]}}