{"id":156125,"date":"2010-09-10T21:31:16","date_gmt":"2010-09-10T21:31:16","guid":{"rendered":"http:\/\/diariodominicano.ddns.net\/?p=156125"},"modified":"2010-09-10T21:31:16","modified_gmt":"2010-09-10T21:31:16","slug":"secuestran-granjero-de-moca-piden-rd15-millones","status":"publish","type":"post","link":"https:\/\/diariodominicano.com\/?p=156125","title":{"rendered":"Secuestran granjero de Moca; piden RD$15 millones"},"content":{"rendered":"<p><body><\/p>\n<p><img decoding=\"async\" src=\"http:\/\/localhost:8080\/justiciayderecho\/img3\/atado.gif\" \/>  <\/p>\n<\/p>\n<p><span class=\"text1noticias\">Moca.-Desconocidos secuestraron  al joven Cristian Natal\u00ed  Morel Rosa, (Cuqui), de 32 a\u00f1os de edad, residente en el callej\u00f3n de los Morel, en Monte de la Jagua Moca, inform\u00f3 este viernes la Polic\u00eda.<\/span><\/p>\n<\/p>\n<p><span class=\"text1noticias\">Seg\u00fan la informaci\u00f3n policial desconocidos a bordo de una Jeep tipo Van, color gris, raptaron a Morel Rosa en una granja de su propiedad  ubicada en el mismo sector, y luego se comunicaron con un hermano de \u00e9ste, identificado como Mariano Morel Rosa, a quien le pidieron la suma de 15 millones de pesos por el rescate y que le entregaran a otra persona solo identificada como Abel y a su hijo.<\/span><\/p>\n<\/p>\n<p><span class=\"text1noticias\">Los raptores le han permitido a Morel conversar v\u00eda tel\u00e9fono con su madre Violeta Rosa Sosa, de 72 a\u00f1os de edad, y otros familiares como forma de dar garant\u00eda de que est\u00e1  con vida, sin embargo no se han dado a conocer las posibles motivaciones que condujeron al hecho.  <\/span><\/p>\n<\/p>\n<p><span class=\"text1noticias\">El coronel V\u00e1squez Francisco, encargado de la dotaci\u00f3n policial de Moca, dijo que el caso est\u00e1 siendo investigado por el general Juan Ram\u00f3n de la Cruz Mart\u00ednez en Santiago, para dar seguimiento al proceso porque  los familiares de la v\u00edctima denunciaron el hecho  a trav\u00e9s de la polic\u00eda de ese municipio.<\/span><\/p>\n<\/p>\n<h6> 2010-09-10 21:31:16 <\/h6>\n<p><!--\n<link rel=\"stylesheet\" href=\"css\/bootstrap.min.css\">\n\n\n<ul class=\"pagination\">\n\t    \n\t\n\n<li >\n\t<a href='?page_no=31292'>Previous<\/a>\n\t<\/li>\n\n\n       \n    \n\n<li><a href='?page_no=1'>1<\/a><\/li>\n\n\n\n<li><a href='?page_no=2'>2<\/a><\/li>\n\n\n\n<li><a>...<\/a><\/li>\n\n\n\n<li><a href='?page_no=31291'>31291<\/a><\/li>\n\n\n\n<li><a href='?page_no=31292'>31292<\/a><\/li>\n\n\n\n<li class='active'><a>31293<\/a><\/li>\n\n\n\n<li><a href='?page_no=31294'>31294<\/a><\/li>\n\n\n\n<li><a href='?page_no=31295'>31295<\/a><\/li>\n\n\n\n<li><a>...<\/a><\/li>\n\n\n\n<li><a href='?page_no=31963'>31963<\/a><\/li>\n\n\n\n<li><a href='?page_no=31964'>31964<\/a><\/li>\n\n    \n\t\n\n<li >\n\t<a href='?page_no=31294'>Next<\/a>\n\t<\/li>\n\n\n    \n\n<li><a href='?page_no=31964'>Last &rsaquo;&rsaquo;<\/a><\/li>\n\n<\/ul>\n\n\n--><br \/>\n<\/body><\/p>\n","protected":false},"excerpt":{"rendered":"<p>Moca.-Desconocidos secuestraron al joven Cristian Natal\u00ed Morel Rosa, (Cuqui), de 32 a\u00f1os de edad, residente en el callej\u00f3n de los Morel, en Monte de la Jagua Moca, inform\u00f3 este viernes la Polic\u00eda. Seg\u00fan la informaci\u00f3n policial desconocidos a bordo de una Jeep tipo Van, color gris, raptaron a Morel Rosa en una granja de su [&hellip;]<\/p>\n","protected":false},"author":3,"featured_media":0,"comment_status":"open","ping_status":"open","sticky":false,"template":"","format":"standard","meta":{"footnotes":""},"categories":[24],"tags":[],"class_list":["post-156125","post","type-post","status-publish","format-standard","hentry","category-justicia-y-derecho"],"_links":{"self":[{"href":"https:\/\/diariodominicano.com\/index.php?rest_route=\/wp\/v2\/posts\/156125","targetHints":{"allow":["GET"]}}],"collection":[{"href":"https:\/\/diariodominicano.com\/index.php?rest_route=\/wp\/v2\/posts"}],"about":[{"href":"https:\/\/diariodominicano.com\/index.php?rest_route=\/wp\/v2\/types\/post"}],"author":[{"embeddable":true,"href":"https:\/\/diariodominicano.com\/index.php?rest_route=\/wp\/v2\/users\/3"}],"replies":[{"embeddable":true,"href":"https:\/\/diariodominicano.com\/index.php?rest_route=%2Fwp%2Fv2%2Fcomments&post=156125"}],"version-history":[{"count":0,"href":"https:\/\/diariodominicano.com\/index.php?rest_route=\/wp\/v2\/posts\/156125\/revisions"}],"wp:attachment":[{"href":"https:\/\/diariodominicano.com\/index.php?rest_route=%2Fwp%2Fv2%2Fmedia&parent=156125"}],"wp:term":[{"taxonomy":"category","embeddable":true,"href":"https:\/\/diariodominicano.com\/index.php?rest_route=%2Fwp%2Fv2%2Fcategories&post=156125"},{"taxonomy":"post_tag","embeddable":true,"href":"https:\/\/diariodominicano.com\/index.php?rest_route=%2Fwp%2Fv2%2Ftags&post=156125"}],"curies":[{"name":"wp","href":"https:\/\/api.w.org\/{rel}","templated":true}]}}