{"id":156124,"date":"2010-09-10T21:39:10","date_gmt":"2010-09-10T21:39:10","guid":{"rendered":"http:\/\/diariodominicano.ddns.net\/?p=156124"},"modified":"2010-09-10T21:39:10","modified_gmt":"2010-09-10T21:39:10","slug":"cancelan-dos-medicos-y-destituyen-director-hospital-villa-mella-por-muerte-paciente-2","status":"publish","type":"post","link":"https:\/\/diariodominicano.com\/?p=156124","title":{"rendered":"Cancelan dos m\u00e9dicos y destituyen director hospital Villa Mella, por muerte paciente"},"content":{"rendered":"<p><body><\/p>\n<\/p>\n<p><span class=\"text1noticias\">Santo Domingo.-El Ministerio de Salud P\u00fablica anunci\u00f3 la cancelaci\u00f3n de dos m\u00e9dicos, la destituci\u00f3n del director y la amonestaci\u00f3n de dos m\u00e9dicos del hospital de Villa Mella al comprobarse que actuaron con negligencia y mala pr\u00e1ctica, lo que provoc\u00f3 la muerte de una paciente en proceso de parto.<\/span><\/p>\n<\/p>\n<p><span class=\"text1noticias\">La paciente fallecida fue Ver\u00f3nica del Carmen Hern\u00e1ndez y la muerte ocurri\u00f3 el pasado primero de este mes. Seg\u00fan la investigaci\u00f3n hecha por Salud P\u00fablica, luego de denuncias de los familiares, la joven lleg\u00f3 al hospital a las 6:00 de la ma\u00f1ana y a las 2:00 de la tarde fue que recibi\u00f3 asistencia m\u00e9dica, cuando ya estaba en condiciones de gravedad.<\/span><\/p>\n<\/p>\n<p><span class=\"text1noticias\">Los m\u00e9dicos cancelados son los obstetras Miguel \u00c1ngel C\u00e1ceres, y Carmen Fortuna, mientras que fue sustituido el director del centro Ricardo Wagner, por no haber garantizado el cumplimiento de las normas y protocolos de atenci\u00f3n.<\/span><\/p>\n<\/p>\n<p><span class=\"text1noticias\">Asimismo, fueron sustituidas por un mes sin disfrute de sueldo las doctoras Ivelisse Rojas y Gabriela N\u00fa\u00f1ez, quienes prestaban servicios en el \u00e1rea de emergencia.<\/span><\/p>\n<\/p>\n<p><span class=\"text1noticias\">La informaci\u00f3n fue dada a conocer hoy durante rueda de prensa por los viceministros Nelson Rodr\u00edguez Monegro y Jos\u00e9 Rodr\u00edguez Aybar, quienes recordaron que con eso Salud P\u00fablica sienta un precedente en la exigencia de que se les d\u00e9 las atenciones debidas a los pacientes.<\/span><\/p>\n<\/p>\n<p><span class=\"text1noticias\">En la rueda de prensa particip\u00f3, adem\u00e1s, el presidente de la Sociedad Dominicana de Ginecolog\u00eda y Obstetricia, Milciades Albert, quien hizo un llamado a todos los ginecoobstetras a nivel nacional a mejorar la calidad de la atenci\u00f3n que brindan en los hospitales, tras se\u00f1alar que llama a suspicacia que los mismos m\u00e9dicos que hacen partos y ces\u00e1reas en cl\u00ednicas privadas son los mismos que trabajan en esos centros y no se mueren los pacientes.<\/span><\/p>\n<\/p>\n<h6> 2010-09-10 21:39:10 <\/h6>\n<p><!--\n<link rel=\"stylesheet\" href=\"css\/bootstrap.min.css\">\n\n\n<ul class=\"pagination\">\n\t    \n\t\n\n<li >\n\t<a href='?page_no=31291'>Previous<\/a>\n\t<\/li>\n\n\n       \n    \n\n<li><a href='?page_no=1'>1<\/a><\/li>\n\n\n\n<li><a href='?page_no=2'>2<\/a><\/li>\n\n\n\n<li><a>...<\/a><\/li>\n\n\n\n<li><a href='?page_no=31290'>31290<\/a><\/li>\n\n\n\n<li><a href='?page_no=31291'>31291<\/a><\/li>\n\n\n\n<li class='active'><a>31292<\/a><\/li>\n\n\n\n<li><a href='?page_no=31293'>31293<\/a><\/li>\n\n\n\n<li><a href='?page_no=31294'>31294<\/a><\/li>\n\n\n\n<li><a>...<\/a><\/li>\n\n\n\n<li><a href='?page_no=31963'>31963<\/a><\/li>\n\n\n\n<li><a href='?page_no=31964'>31964<\/a><\/li>\n\n    \n\t\n\n<li >\n\t<a href='?page_no=31293'>Next<\/a>\n\t<\/li>\n\n\n    \n\n<li><a href='?page_no=31964'>Last &rsaquo;&rsaquo;<\/a><\/li>\n\n<\/ul>\n\n\n--><br \/>\n<\/body><\/p>\n","protected":false},"excerpt":{"rendered":"<p>Santo Domingo.-El Ministerio de Salud P\u00fablica anunci\u00f3 la cancelaci\u00f3n de dos m\u00e9dicos, la destituci\u00f3n del director y la amonestaci\u00f3n de dos m\u00e9dicos del hospital de Villa Mella al comprobarse que actuaron con negligencia y mala pr\u00e1ctica, lo que provoc\u00f3 la muerte de una paciente en proceso de parto. La paciente fallecida fue Ver\u00f3nica del Carmen [&hellip;]<\/p>\n","protected":false},"author":3,"featured_media":0,"comment_status":"open","ping_status":"open","sticky":false,"template":"","format":"standard","meta":{"footnotes":""},"categories":[24],"tags":[],"class_list":["post-156124","post","type-post","status-publish","format-standard","hentry","category-justicia-y-derecho"],"_links":{"self":[{"href":"https:\/\/diariodominicano.com\/index.php?rest_route=\/wp\/v2\/posts\/156124","targetHints":{"allow":["GET"]}}],"collection":[{"href":"https:\/\/diariodominicano.com\/index.php?rest_route=\/wp\/v2\/posts"}],"about":[{"href":"https:\/\/diariodominicano.com\/index.php?rest_route=\/wp\/v2\/types\/post"}],"author":[{"embeddable":true,"href":"https:\/\/diariodominicano.com\/index.php?rest_route=\/wp\/v2\/users\/3"}],"replies":[{"embeddable":true,"href":"https:\/\/diariodominicano.com\/index.php?rest_route=%2Fwp%2Fv2%2Fcomments&post=156124"}],"version-history":[{"count":0,"href":"https:\/\/diariodominicano.com\/index.php?rest_route=\/wp\/v2\/posts\/156124\/revisions"}],"wp:attachment":[{"href":"https:\/\/diariodominicano.com\/index.php?rest_route=%2Fwp%2Fv2%2Fmedia&parent=156124"}],"wp:term":[{"taxonomy":"category","embeddable":true,"href":"https:\/\/diariodominicano.com\/index.php?rest_route=%2Fwp%2Fv2%2Fcategories&post=156124"},{"taxonomy":"post_tag","embeddable":true,"href":"https:\/\/diariodominicano.com\/index.php?rest_route=%2Fwp%2Fv2%2Ftags&post=156124"}],"curies":[{"name":"wp","href":"https:\/\/api.w.org\/{rel}","templated":true}]}}