{"id":156122,"date":"2010-09-10T21:48:39","date_gmt":"2010-09-10T21:48:39","guid":{"rendered":"http:\/\/diariodominicano.ddns.net\/?p=156122"},"modified":"2010-09-10T21:48:39","modified_gmt":"2010-09-10T21:48:39","slug":"fiscal-dice-abogados-quieren-retrasar-proceso-sobeida","status":"publish","type":"post","link":"https:\/\/diariodominicano.com\/?p=156122","title":{"rendered":"Fiscal dice abogados quieren retrasar proceso Sobeida"},"content":{"rendered":"<p><body><\/p>\n<p><img decoding=\"async\" src=\"http:\/\/localhost:8080\/justiciayderecho\/img3\/moscoso segarra.jpg\" \/>  <\/p>\n<p><span class=\"text1noticias\">Santo Domingo.-El fiscal del Distrito Nacional, Alejandro Moscoso Segarra, dijo que la recusaci\u00f3n  contra la jueza del segundo Juzgado de la Instrucci\u00f3n del Distrito Nacional, Claribel Nivar Arias, presentada por la defensa de Sobeida F\u00e9lix Morel, lo que busca es retardar el proceso y evitar que el Ministerio P\u00fablico presente la acusaci\u00f3n.<\/span><\/p>\n<\/p>\n<p><span class=\"text1noticias\">Dijo que la recusaci\u00f3n formulada por el abogado F\u00e9lix Humberto Portes N\u00fa\u00f1ez es una medida dilatoria que busca huir a la acusaci\u00f3n en contra de los imputados de formar parte de la red que dirig\u00eda el capo boricua Jos\u00e9 David Figueroa Agosto.<\/span><\/p>\n<\/p>\n<p><span class=\"text1noticias\">Agreg\u00f3 que ?el Ministerio P\u00fablico ha dicho que est\u00e1 listo para presentar las pruebas, entonces por qu\u00e9 los abogados impiden que la misma se presente?.<\/span><\/p>\n<\/p>\n<p><span class=\"text1noticias\">Expres\u00f3  que es una medida para tomar m\u00e1s tiempo de preparar su  medio de defensa contra la acusaci\u00f3n.<\/span><\/p>\n<\/p>\n<p><span class=\"text1noticias\">Asimismo, se inform\u00f3 que la jueza del segundo Juzgado de la Instrucci\u00f3n del Distrito Nacional, Claribel Nivar Arias, enviar\u00e1 esta tarde a la C\u00e1mara Penal de la Corte de Apelaci\u00f3n el expediente en torno a la recusaci\u00f3n en su contra para que \u00e9sta decida si la confirma o no en el caso Agosto.<\/span><\/p>\n<\/p>\n<p><span class=\"text1noticias\">Los videos incidentes y las decisiones de la magistrada en las \u00faltimas audiencias son las pruebas que integran el voluminoso documento que tendr\u00e1 que evaluar la Corte de Apelaci\u00f3n en torno a la recusaci\u00f3n en contra de la magistrada de que \u00e9sta siente temor en el proceso.<\/span><\/p>\n<\/p>\n<p><span class=\"text1noticias\">Recurso de amparo<\/span><\/p>\n<p><span class=\"text1noticias\">Mientras que el Juez de la Ejecuci\u00f3n de la Penal de San Crist\u00f3bal, Francisco Angom\u00e1s, fij\u00f3 para el lunes el conocimiento del recurso de amparo presentado por la defensa de Sobeida con el que busca que a \u00e9sta se le mantenga junto a las dem\u00e1s reclusas.<\/span><\/p>\n<\/p>\n<p><span class=\"text1noticias\">Francisco Angom\u00e1s Mej\u00eda adopt\u00f3 la decisi\u00f3n luego de que la presidenta de la C\u00e1mara Penal de la Corte de Apelaci\u00f3n de esa jurisdicci\u00f3n rechazara su inhibici\u00f3n tal como expresara en una resoluci\u00f3n enviada al tribunal.<\/span><\/p>\n<\/p>\n<p><span class=\"text1noticias\">Para la vista del recurso de amparo fueron citados el Procurador General de la Rep\u00fablica, Radham\u00e9s Jim\u00e9nez Pe\u00f1a, el director de Prisiones, Manuel de Jes\u00fas P\u00e9rez S\u00e1nchez, el sub coordinador del Nuevo Modelo Penitenciario, Ismael Paniagua, el director del Nuevo Nodelo Penitenciario, Roberto Santana y Patricia Lagombra, directora del Centro de Correcci\u00f3n y Rehabilitaci\u00f3n de Najayo Mujeres, as\u00ed como la presencia de Sobeida, quien deber\u00e1 demostrar sus alegatos.<\/span><\/p>\n<\/p>\n<h6> 2010-09-10 21:48:39 <\/h6>\n<p><!--\n<link rel=\"stylesheet\" href=\"css\/bootstrap.min.css\">\n\n\n<ul class=\"pagination\">\n\t    \n\t\n\n<li >\n\t<a href='?page_no=31289'>Previous<\/a>\n\t<\/li>\n\n\n       \n    \n\n<li><a href='?page_no=1'>1<\/a><\/li>\n\n\n\n<li><a href='?page_no=2'>2<\/a><\/li>\n\n\n\n<li><a>...<\/a><\/li>\n\n\n\n<li><a href='?page_no=31288'>31288<\/a><\/li>\n\n\n\n<li><a href='?page_no=31289'>31289<\/a><\/li>\n\n\n\n<li class='active'><a>31290<\/a><\/li>\n\n\n\n<li><a href='?page_no=31291'>31291<\/a><\/li>\n\n\n\n<li><a href='?page_no=31292'>31292<\/a><\/li>\n\n\n\n<li><a>...<\/a><\/li>\n\n\n\n<li><a href='?page_no=31963'>31963<\/a><\/li>\n\n\n\n<li><a href='?page_no=31964'>31964<\/a><\/li>\n\n    \n\t\n\n<li >\n\t<a href='?page_no=31291'>Next<\/a>\n\t<\/li>\n\n\n    \n\n<li><a href='?page_no=31964'>Last &rsaquo;&rsaquo;<\/a><\/li>\n\n<\/ul>\n\n\n--><br \/>\n<\/body><\/p>\n","protected":false},"excerpt":{"rendered":"<p>Santo Domingo.-El fiscal del Distrito Nacional, Alejandro Moscoso Segarra, dijo que la recusaci\u00f3n contra la jueza del segundo Juzgado de la Instrucci\u00f3n del Distrito Nacional, Claribel Nivar Arias, presentada por la defensa de Sobeida F\u00e9lix Morel, lo que busca es retardar el proceso y evitar que el Ministerio P\u00fablico presente la acusaci\u00f3n. Dijo que la [&hellip;]<\/p>\n","protected":false},"author":3,"featured_media":0,"comment_status":"open","ping_status":"open","sticky":false,"template":"","format":"standard","meta":{"footnotes":""},"categories":[24],"tags":[],"class_list":["post-156122","post","type-post","status-publish","format-standard","hentry","category-justicia-y-derecho"],"_links":{"self":[{"href":"https:\/\/diariodominicano.com\/index.php?rest_route=\/wp\/v2\/posts\/156122","targetHints":{"allow":["GET"]}}],"collection":[{"href":"https:\/\/diariodominicano.com\/index.php?rest_route=\/wp\/v2\/posts"}],"about":[{"href":"https:\/\/diariodominicano.com\/index.php?rest_route=\/wp\/v2\/types\/post"}],"author":[{"embeddable":true,"href":"https:\/\/diariodominicano.com\/index.php?rest_route=\/wp\/v2\/users\/3"}],"replies":[{"embeddable":true,"href":"https:\/\/diariodominicano.com\/index.php?rest_route=%2Fwp%2Fv2%2Fcomments&post=156122"}],"version-history":[{"count":0,"href":"https:\/\/diariodominicano.com\/index.php?rest_route=\/wp\/v2\/posts\/156122\/revisions"}],"wp:attachment":[{"href":"https:\/\/diariodominicano.com\/index.php?rest_route=%2Fwp%2Fv2%2Fmedia&parent=156122"}],"wp:term":[{"taxonomy":"category","embeddable":true,"href":"https:\/\/diariodominicano.com\/index.php?rest_route=%2Fwp%2Fv2%2Fcategories&post=156122"},{"taxonomy":"post_tag","embeddable":true,"href":"https:\/\/diariodominicano.com\/index.php?rest_route=%2Fwp%2Fv2%2Ftags&post=156122"}],"curies":[{"name":"wp","href":"https:\/\/api.w.org\/{rel}","templated":true}]}}