{"id":156121,"date":"2010-09-10T21:57:05","date_gmt":"2010-09-10T21:57:05","guid":{"rendered":"http:\/\/diariodominicano.ddns.net\/?p=156121"},"modified":"2010-09-10T21:57:05","modified_gmt":"2010-09-10T21:57:05","slug":"a-la-victoria-policia-golpeo-a-repartidor-matutino-diario-libre","status":"publish","type":"post","link":"https:\/\/diariodominicano.com\/?p=156121","title":{"rendered":"A la victoria, polic\u00eda golpe\u00f3 a  repartidor matutino Diario Libre"},"content":{"rendered":"<p><body><\/p>\n<\/p>\n<p><span class=\"text1noticias\">SANTO DOMINGO.- El juez del segundo Juzgado de la Instrucci\u00f3n de Atenci\u00f3n Permanente de la Provincia de Santo Domingo dict\u00f3 medida de coerci\u00f3n consistente en tres meses de prisi\u00f3n preventiva en la c\u00e1rcel de La Victoria, en contra del raso de la Polic\u00eda Nacional, Diego Aquino Pimentel, acusado de golpear a un repartidor del peri\u00f3dico Diario Libre.<\/span><\/p>\n<\/p>\n<p><span class=\"text1noticias\">Asimismo, el juez Richard Fidel Aquino Natera impuso una fianza de 300 mil pesos por medio de una compa\u00f1\u00eda aseguradora, impedimento de salida del pa\u00eds y presentaci\u00f3n los d\u00edas 30 de cada mes ante la Fiscal\u00eda de la Provincia de Santo Domingo, contra el sargento mayor de la instituci\u00f3n del orden, Bernardino Reyes Tejeda.<\/span><\/p>\n<\/p>\n<p><span class=\"text1noticias\">Los dos agentes policiales est\u00e1n acusados de agredir f\u00edsicamente a David Gil N\u00fa\u00f1ez, quien presenta trauma contuso en la regi\u00f3n nasal y herida en p\u00f3mulo derecho, seg\u00fan certific\u00f3 el medico legista.<\/span><\/p>\n<\/p>\n<p><span class=\"text1noticias\">El fiscal de la Provincia de Santo Domingo, Perfecto Acosta, dijo que en la instituci\u00f3n que dirige hay una visi\u00f3n clara de no permitir accesos, ni que se violen los derechos del ciudadano.<\/span><\/p>\n<\/p>\n<p><span class=\"text1noticias\">Acosta advirti\u00f3 que todo el que se exceda en el ejercicio de sus funciones ser\u00e1 sometido a la acci\u00f3n de la justicia.<\/span><\/p>\n<\/p>\n<p><span class=\"text1noticias\">En esta audiencia el fiscal de la Provincia de Santo Domingo fue representado por sus adjuntos, \u00c1ngel Dar\u00edo Tejeda Fabal y Jos\u00e9 Miguel Cabrera.<\/span><\/p>\n<\/p>\n<p><span class=\"text1noticias\">El incidente en el que result\u00f3 golpeado el repartidor del peri\u00f3dico Dar\u00edo Libre ocurri\u00f3 el domingo 5 de septiembre en horas de la madrugada en la intercepci\u00f3n de las calles Primera y A, en el sector Buenas Venturas, en Mendoza , Santo Domingo Este. <\/span><\/p>\n<\/p>\n<h6> 2010-09-10 21:57:05 <\/h6>\n<p><!--\n<link rel=\"stylesheet\" href=\"css\/bootstrap.min.css\">\n\n\n<ul class=\"pagination\">\n\t    \n\t\n\n<li >\n\t<a href='?page_no=31288'>Previous<\/a>\n\t<\/li>\n\n\n       \n    \n\n<li><a href='?page_no=1'>1<\/a><\/li>\n\n\n\n<li><a href='?page_no=2'>2<\/a><\/li>\n\n\n\n<li><a>...<\/a><\/li>\n\n\n\n<li><a href='?page_no=31287'>31287<\/a><\/li>\n\n\n\n<li><a href='?page_no=31288'>31288<\/a><\/li>\n\n\n\n<li class='active'><a>31289<\/a><\/li>\n\n\n\n<li><a href='?page_no=31290'>31290<\/a><\/li>\n\n\n\n<li><a href='?page_no=31291'>31291<\/a><\/li>\n\n\n\n<li><a>...<\/a><\/li>\n\n\n\n<li><a href='?page_no=31963'>31963<\/a><\/li>\n\n\n\n<li><a href='?page_no=31964'>31964<\/a><\/li>\n\n    \n\t\n\n<li >\n\t<a href='?page_no=31290'>Next<\/a>\n\t<\/li>\n\n\n    \n\n<li><a href='?page_no=31964'>Last &rsaquo;&rsaquo;<\/a><\/li>\n\n<\/ul>\n\n\n--><br \/>\n<\/body><\/p>\n","protected":false},"excerpt":{"rendered":"<p>SANTO DOMINGO.- El juez del segundo Juzgado de la Instrucci\u00f3n de Atenci\u00f3n Permanente de la Provincia de Santo Domingo dict\u00f3 medida de coerci\u00f3n consistente en tres meses de prisi\u00f3n preventiva en la c\u00e1rcel de La Victoria, en contra del raso de la Polic\u00eda Nacional, Diego Aquino Pimentel, acusado de golpear a un repartidor del peri\u00f3dico [&hellip;]<\/p>\n","protected":false},"author":3,"featured_media":0,"comment_status":"open","ping_status":"open","sticky":false,"template":"","format":"standard","meta":{"footnotes":""},"categories":[24],"tags":[],"class_list":["post-156121","post","type-post","status-publish","format-standard","hentry","category-justicia-y-derecho"],"_links":{"self":[{"href":"https:\/\/diariodominicano.com\/index.php?rest_route=\/wp\/v2\/posts\/156121","targetHints":{"allow":["GET"]}}],"collection":[{"href":"https:\/\/diariodominicano.com\/index.php?rest_route=\/wp\/v2\/posts"}],"about":[{"href":"https:\/\/diariodominicano.com\/index.php?rest_route=\/wp\/v2\/types\/post"}],"author":[{"embeddable":true,"href":"https:\/\/diariodominicano.com\/index.php?rest_route=\/wp\/v2\/users\/3"}],"replies":[{"embeddable":true,"href":"https:\/\/diariodominicano.com\/index.php?rest_route=%2Fwp%2Fv2%2Fcomments&post=156121"}],"version-history":[{"count":0,"href":"https:\/\/diariodominicano.com\/index.php?rest_route=\/wp\/v2\/posts\/156121\/revisions"}],"wp:attachment":[{"href":"https:\/\/diariodominicano.com\/index.php?rest_route=%2Fwp%2Fv2%2Fmedia&parent=156121"}],"wp:term":[{"taxonomy":"category","embeddable":true,"href":"https:\/\/diariodominicano.com\/index.php?rest_route=%2Fwp%2Fv2%2Fcategories&post=156121"},{"taxonomy":"post_tag","embeddable":true,"href":"https:\/\/diariodominicano.com\/index.php?rest_route=%2Fwp%2Fv2%2Ftags&post=156121"}],"curies":[{"name":"wp","href":"https:\/\/api.w.org\/{rel}","templated":true}]}}