{"id":156120,"date":"2010-09-11T18:19:54","date_gmt":"2010-09-11T18:19:54","guid":{"rendered":"http:\/\/diariodominicano.ddns.net\/?p=156120"},"modified":"2010-09-11T18:19:54","modified_gmt":"2010-09-11T18:19:54","slug":"el-papa-nombra-nuevo-arzobispo-en-quito","status":"publish","type":"post","link":"https:\/\/diariodominicano.com\/?p=156120","title":{"rendered":"El Papa nombra nuevo arzobispo en Quito"},"content":{"rendered":"<p><body><\/p>\n<p><img decoding=\"async\" src=\"http:\/\/localhost:8080\/justiciayderecho\/img3\/CatedraldeQuito.jpg\" \/>  <\/p>\n<\/p>\n<p><span class=\"text1noticias\">THE ASSOCIATED PRESS<\/span><\/p>\n<\/p>\n<p><span class=\"text1noticias\">CIUDAD DEL VATICANO &#8212; El papa Benedicto XVI nombr\u00f3 como arzobispo metropolitano de Quito, Ecuador, a monse\u00f1or Fausto Gabriel Tr\u00e1vez Tr\u00e1vez, quien era obispo de Babahoyo, inform\u00f3 el s\u00e1bado la oficina de prensa de la Santa Sede.<\/span><\/p>\n<\/p>\n<p><span class=\"text1noticias\">Tr\u00e1vez sustituir\u00e1 a monse\u00f1or Ra\u00fal Eduardo Vela Chiriboga, a quien el Pont\u00edfice le acept\u00f3 la renuncia por el l\u00edmite de edad de 75 a\u00f1os, de acuerdo con el c\u00f3digo de derecho can\u00f3nigo.<\/span><\/p>\n<\/p>\n<p><span class=\"text1noticias\">Monse\u00f1or Tr\u00e1vez, de 69 a\u00f1os, naci\u00f3 en Toacazo, di\u00f3cesis de Latacunga. Estudi\u00f3 en Ecuador y en la universidad de San Buenaventura, Bogot\u00e1, donde complet\u00f3 los estudios de filosof\u00eda. Fue ordenado sacerdote el 12 de diciembre de 1970.<\/span><\/p>\n<p><span class=\"text1noticias\">Ha sido encargado del Movimiento Juvenil Franciscano, que el mismo fund\u00f3 en Quito en 1969; fund\u00f3 en 1982 las Misioneras Franciscanas de la Juventud; fue ministro provincial, presidente de la Uni\u00f3n de Conferencias Latinoamericanas Franciscanas y de la Conferencia Franciscana Bolivariana.<\/span><\/p>\n<\/p>\n<p><span class=\"text1noticias\">Nombrado obispo titular de Sulletto y vicario apost\u00f3lico de Zamora, Ecuador, el 14 de enero de 2003, recibi\u00f3 la ordenaci\u00f3n episcopal el 15 de marzo siguiente.<\/span><\/p>\n<\/p>\n<p><span class=\"text1noticias\">El 27 de marzo de 2008 fue nombrado obispo de Babahoyo.<\/span><\/p>\n<\/p>\n<h6> 2010-09-11 18:19:54 <\/h6>\n<p><!--\n<link rel=\"stylesheet\" href=\"css\/bootstrap.min.css\">\n\n\n<ul class=\"pagination\">\n\t    \n\t\n\n<li >\n\t<a href='?page_no=31287'>Previous<\/a>\n\t<\/li>\n\n\n       \n    \n\n<li><a href='?page_no=1'>1<\/a><\/li>\n\n\n\n<li><a href='?page_no=2'>2<\/a><\/li>\n\n\n\n<li><a>...<\/a><\/li>\n\n\n\n<li><a href='?page_no=31286'>31286<\/a><\/li>\n\n\n\n<li><a href='?page_no=31287'>31287<\/a><\/li>\n\n\n\n<li class='active'><a>31288<\/a><\/li>\n\n\n\n<li><a href='?page_no=31289'>31289<\/a><\/li>\n\n\n\n<li><a href='?page_no=31290'>31290<\/a><\/li>\n\n\n\n<li><a>...<\/a><\/li>\n\n\n\n<li><a href='?page_no=31963'>31963<\/a><\/li>\n\n\n\n<li><a href='?page_no=31964'>31964<\/a><\/li>\n\n    \n\t\n\n<li >\n\t<a href='?page_no=31289'>Next<\/a>\n\t<\/li>\n\n\n    \n\n<li><a href='?page_no=31964'>Last &rsaquo;&rsaquo;<\/a><\/li>\n\n<\/ul>\n\n\n--><br \/>\n<\/body><\/p>\n","protected":false},"excerpt":{"rendered":"<p>THE ASSOCIATED PRESS CIUDAD DEL VATICANO &#8212; El papa Benedicto XVI nombr\u00f3 como arzobispo metropolitano de Quito, Ecuador, a monse\u00f1or Fausto Gabriel Tr\u00e1vez Tr\u00e1vez, quien era obispo de Babahoyo, inform\u00f3 el s\u00e1bado la oficina de prensa de la Santa Sede. Tr\u00e1vez sustituir\u00e1 a monse\u00f1or Ra\u00fal Eduardo Vela Chiriboga, a quien el Pont\u00edfice le acept\u00f3 la [&hellip;]<\/p>\n","protected":false},"author":3,"featured_media":0,"comment_status":"open","ping_status":"open","sticky":false,"template":"","format":"standard","meta":{"footnotes":""},"categories":[24],"tags":[],"class_list":["post-156120","post","type-post","status-publish","format-standard","hentry","category-justicia-y-derecho"],"_links":{"self":[{"href":"https:\/\/diariodominicano.com\/index.php?rest_route=\/wp\/v2\/posts\/156120","targetHints":{"allow":["GET"]}}],"collection":[{"href":"https:\/\/diariodominicano.com\/index.php?rest_route=\/wp\/v2\/posts"}],"about":[{"href":"https:\/\/diariodominicano.com\/index.php?rest_route=\/wp\/v2\/types\/post"}],"author":[{"embeddable":true,"href":"https:\/\/diariodominicano.com\/index.php?rest_route=\/wp\/v2\/users\/3"}],"replies":[{"embeddable":true,"href":"https:\/\/diariodominicano.com\/index.php?rest_route=%2Fwp%2Fv2%2Fcomments&post=156120"}],"version-history":[{"count":0,"href":"https:\/\/diariodominicano.com\/index.php?rest_route=\/wp\/v2\/posts\/156120\/revisions"}],"wp:attachment":[{"href":"https:\/\/diariodominicano.com\/index.php?rest_route=%2Fwp%2Fv2%2Fmedia&parent=156120"}],"wp:term":[{"taxonomy":"category","embeddable":true,"href":"https:\/\/diariodominicano.com\/index.php?rest_route=%2Fwp%2Fv2%2Fcategories&post=156120"},{"taxonomy":"post_tag","embeddable":true,"href":"https:\/\/diariodominicano.com\/index.php?rest_route=%2Fwp%2Fv2%2Ftags&post=156120"}],"curies":[{"name":"wp","href":"https:\/\/api.w.org\/{rel}","templated":true}]}}