{"id":156115,"date":"2010-09-12T16:48:56","date_gmt":"2010-09-12T16:48:56","guid":{"rendered":"http:\/\/diariodominicano.ddns.net\/?p=156115"},"modified":"2010-09-12T16:48:56","modified_gmt":"2010-09-12T16:48:56","slug":"autoridades-eliminan-impuesto-al-combustible-y-se-suspende-aumento-de-tarifa-electrica-en-las-terrenas","status":"publish","type":"post","link":"https:\/\/diariodominicano.com\/?p=156115","title":{"rendered":"Autoridades eliminan impuesto al combustible y se suspende  aumento de tarifa el\u00e9ctrica en Las Terrenas"},"content":{"rendered":"<p><body><\/p>\n<\/p>\n<p><span class=\"text1noticias\"> <\/span><\/p>\n<\/p>\n<p><span class=\"text1noticias\">LAS TERRENAS.- Los ministerios de Industria y Comercio y de Hacienda validaron oficialmente la resoluci\u00f3n que elimina el impuesto  a los combustibles utilizados en la generaci\u00f3n el\u00e9ctrica de Las Terrenas, Las Galeras y El Lim\u00f3n, de Saman\u00e1, tras lo cual qued\u00f3 sin efecto el incremento de tarifa aplicado por la compa\u00f1\u00eda Luz y Fuerza en esas comunidades tur\u00edsticas.<\/span><\/p>\n<\/p>\n<p><span class=\"text1noticias\">La propia empresa el\u00e9ctrica inform\u00f3 a sus clientes la suspensi\u00f3n del aumento de tarifa, disponiendo el env\u00edo de  una nota de cr\u00e9dito a cada usuario con el monto de descuento correspondiente. A los usuarios que ya pagaron su factura, seg\u00fan indic\u00f3, se les acreditar\u00e1 la diferencia en la factura correspondiente al mes de septiembre.<\/span><\/p>\n<\/p>\n<p><span class=\"text1noticias\">La medida oficial ha tenido el efecto  inmediato de bajar las tensiones y protestas que se ven\u00edan registrando en la zona, especialmente en Las Terrenas, donde se hab\u00eda realizado un paro pac\u00edfico de las actividades comerciales el pasado martes 7 de septiembre.<\/span><\/p>\n<\/p>\n<p><span class=\"text1noticias\">La aplicaci\u00f3n del impuesto a los combustibles y el  incremento tarifario generaron grandes tensiones en las tres localidades afectadas. La poblaci\u00f3n de Las Terrenas, incluyendo la numerosa comunidad de extranjeros  que residen o hacen negocios en la zona, iniciaron un movimiento de protesta para reclamar la suspensi\u00f3n del impuesto y el  aumento de tarifa.<\/span><\/p>\n<\/p>\n<p><span class=\"text1noticias\">En un comunicado difundido entre sus clientes ?Luz y Fuerza se compromete a continuar empe\u00f1ando sus mejores esfuerzos para garantizar la estabilidad del servicio el\u00e9ctrico sin interrupciones que ha mantenido durante m\u00e1s de 15 a\u00f1os, el cual ha sido el motor del desarrollo econ\u00f3mico, tur\u00edstico y comercial de nuestras comunidades y a seguir los esfuerzos para mantener el precio de la energ\u00eda en baja, ahora con m\u00e1s esperanzas ya que el Gobierno del Presidente Fern\u00e1ndez ha dado muestras de que nos apoyar\u00e1 en esta meta?. <\/span><\/p>\n<\/p>\n<p><span class=\"text1noticias\">Luz y Fuerza inform\u00f3 que reanudar\u00e1 sus inversiones con la finalidad de que al corto plazo pueda tener gran parte de la energ\u00eda que adquiere para la distribuci\u00f3n proveniente de gas natural y del parque e\u00f3lico Juan Bosch, en construcci\u00f3n en las Guazumas, las Galeras, Saman\u00e1, lo que resultar\u00e1 en una menor dependencia de los combustibles f\u00f3siles y una reducci\u00f3n considerable en la tarifa el\u00e9ctrica que brinda a sus usuarios.<\/span><\/p>\n<\/p>\n<h6> 2010-09-12 16:48:56 <\/h6>\n<p><!--\n<link rel=\"stylesheet\" href=\"css\/bootstrap.min.css\">\n\n\n<ul class=\"pagination\">\n\t    \n\t\n\n<li >\n\t<a href='?page_no=31282'>Previous<\/a>\n\t<\/li>\n\n\n       \n    \n\n<li><a href='?page_no=1'>1<\/a><\/li>\n\n\n\n<li><a href='?page_no=2'>2<\/a><\/li>\n\n\n\n<li><a>...<\/a><\/li>\n\n\n\n<li><a href='?page_no=31281'>31281<\/a><\/li>\n\n\n\n<li><a href='?page_no=31282'>31282<\/a><\/li>\n\n\n\n<li class='active'><a>31283<\/a><\/li>\n\n\n\n<li><a href='?page_no=31284'>31284<\/a><\/li>\n\n\n\n<li><a href='?page_no=31285'>31285<\/a><\/li>\n\n\n\n<li><a>...<\/a><\/li>\n\n\n\n<li><a href='?page_no=31963'>31963<\/a><\/li>\n\n\n\n<li><a href='?page_no=31964'>31964<\/a><\/li>\n\n    \n\t\n\n<li >\n\t<a href='?page_no=31284'>Next<\/a>\n\t<\/li>\n\n\n    \n\n<li><a href='?page_no=31964'>Last &rsaquo;&rsaquo;<\/a><\/li>\n\n<\/ul>\n\n\n--><br \/>\n<\/body><\/p>\n","protected":false},"excerpt":{"rendered":"<p>LAS TERRENAS.- Los ministerios de Industria y Comercio y de Hacienda validaron oficialmente la resoluci\u00f3n que elimina el impuesto a los combustibles utilizados en la generaci\u00f3n el\u00e9ctrica de Las Terrenas, Las Galeras y El Lim\u00f3n, de Saman\u00e1, tras lo cual qued\u00f3 sin efecto el incremento de tarifa aplicado por la compa\u00f1\u00eda Luz y Fuerza en [&hellip;]<\/p>\n","protected":false},"author":3,"featured_media":0,"comment_status":"open","ping_status":"open","sticky":false,"template":"","format":"standard","meta":{"footnotes":""},"categories":[24],"tags":[],"class_list":["post-156115","post","type-post","status-publish","format-standard","hentry","category-justicia-y-derecho"],"_links":{"self":[{"href":"https:\/\/diariodominicano.com\/index.php?rest_route=\/wp\/v2\/posts\/156115","targetHints":{"allow":["GET"]}}],"collection":[{"href":"https:\/\/diariodominicano.com\/index.php?rest_route=\/wp\/v2\/posts"}],"about":[{"href":"https:\/\/diariodominicano.com\/index.php?rest_route=\/wp\/v2\/types\/post"}],"author":[{"embeddable":true,"href":"https:\/\/diariodominicano.com\/index.php?rest_route=\/wp\/v2\/users\/3"}],"replies":[{"embeddable":true,"href":"https:\/\/diariodominicano.com\/index.php?rest_route=%2Fwp%2Fv2%2Fcomments&post=156115"}],"version-history":[{"count":0,"href":"https:\/\/diariodominicano.com\/index.php?rest_route=\/wp\/v2\/posts\/156115\/revisions"}],"wp:attachment":[{"href":"https:\/\/diariodominicano.com\/index.php?rest_route=%2Fwp%2Fv2%2Fmedia&parent=156115"}],"wp:term":[{"taxonomy":"category","embeddable":true,"href":"https:\/\/diariodominicano.com\/index.php?rest_route=%2Fwp%2Fv2%2Fcategories&post=156115"},{"taxonomy":"post_tag","embeddable":true,"href":"https:\/\/diariodominicano.com\/index.php?rest_route=%2Fwp%2Fv2%2Ftags&post=156115"}],"curies":[{"name":"wp","href":"https:\/\/api.w.org\/{rel}","templated":true}]}}