{"id":156114,"date":"2010-09-12T16:55:42","date_gmt":"2010-09-12T16:55:42","guid":{"rendered":"http:\/\/diariodominicano.ddns.net\/?p=156114"},"modified":"2010-09-12T16:55:42","modified_gmt":"2010-09-12T16:55:42","slug":"destituyen-secretario-general-del-ayuntamiento-de-sc-por-indiscrecion-en-sus-funciones","status":"publish","type":"post","link":"https:\/\/diariodominicano.com\/?p=156114","title":{"rendered":"Destituyen Secretario general del Ayuntamiento de SC por indiscreci\u00f3n en sus funciones"},"content":{"rendered":"<p><body><\/p>\n<p><img decoding=\"async\" src=\"http:\/\/localhost:8080\/justiciayderecho\/img3\/destituito sc.JPG\" \/>  <\/p>\n<\/p>\n<\/p>\n<\/p>\n<p><span class=\"text1noticias\">SAN CRISTOBAL. El concejo de regidores aprob\u00f3  de manera un\u00e1nime la destituci\u00f3n de Eugenio Sierra, quien se desempe\u00f1aba como secretario general del cabildo.<\/span><\/p>\n<\/p>\n<p><span class=\"text1noticias\">Seg\u00fan el presidente de la sala capitular Bladimil Len\u00edn Pereyra, la suspensi\u00f3n de Eugenio Sierra de la secretaria  general del Ayuntamiento fue por falta de discreci\u00f3n en el ejercicio de sus funciones. <\/span> <\/p>\n<\/p>\n<p><span class=\"text1noticias\">La sesi\u00f3n extraordinaria  estuvo compuesta por una comisi\u00f3n de  13 concejales los cuales de manera un\u00e1nime aprobaron la salida del funcionario de la instituci\u00f3n. <\/span><\/p>\n<\/p>\n<p><span class=\"text1noticias\"> La comisi\u00f3n de regidores estuvo compuesta por Flavia Joselyn Mart\u00ednez,  Jos\u00e9 Maria Almonte, German Romero, Norberto Labal\u00e9, Joaqu\u00edn Pineda  Andr\u00e9s Corporan, Juan Bdo. Lluberes, Angry Reynoso, Mercedes Paulino, entre  otros.<\/span><\/p>\n<\/p>\n<p><span class=\"text1noticias\"> <\/span><\/p>\n<p><span class=\"text1noticias\">Esta es la primera  que una gesti\u00f3n del Municipio de San Crist\u00f3bal expulsa de esa importante posici\u00f3n a un funcionario a solo tres semanas de desempe\u00f1o en el cabildo.   <\/span><\/p>\n<\/p>\n<h6> 2010-09-12 16:55:42 <\/h6>\n<p><!--\n<link rel=\"stylesheet\" href=\"css\/bootstrap.min.css\">\n\n\n<ul class=\"pagination\">\n\t    \n\t\n\n<li >\n\t<a href='?page_no=31281'>Previous<\/a>\n\t<\/li>\n\n\n       \n    \n\n<li><a href='?page_no=1'>1<\/a><\/li>\n\n\n\n<li><a href='?page_no=2'>2<\/a><\/li>\n\n\n\n<li><a>...<\/a><\/li>\n\n\n\n<li><a href='?page_no=31280'>31280<\/a><\/li>\n\n\n\n<li><a href='?page_no=31281'>31281<\/a><\/li>\n\n\n\n<li class='active'><a>31282<\/a><\/li>\n\n\n\n<li><a href='?page_no=31283'>31283<\/a><\/li>\n\n\n\n<li><a href='?page_no=31284'>31284<\/a><\/li>\n\n\n\n<li><a>...<\/a><\/li>\n\n\n\n<li><a href='?page_no=31963'>31963<\/a><\/li>\n\n\n\n<li><a href='?page_no=31964'>31964<\/a><\/li>\n\n    \n\t\n\n<li >\n\t<a href='?page_no=31283'>Next<\/a>\n\t<\/li>\n\n\n    \n\n<li><a href='?page_no=31964'>Last &rsaquo;&rsaquo;<\/a><\/li>\n\n<\/ul>\n\n\n--><br \/>\n<\/body><\/p>\n","protected":false},"excerpt":{"rendered":"<p>SAN CRISTOBAL. El concejo de regidores aprob\u00f3 de manera un\u00e1nime la destituci\u00f3n de Eugenio Sierra, quien se desempe\u00f1aba como secretario general del cabildo. Seg\u00fan el presidente de la sala capitular Bladimil Len\u00edn Pereyra, la suspensi\u00f3n de Eugenio Sierra de la secretaria general del Ayuntamiento fue por falta de discreci\u00f3n en el ejercicio de sus funciones. [&hellip;]<\/p>\n","protected":false},"author":3,"featured_media":0,"comment_status":"open","ping_status":"open","sticky":false,"template":"","format":"standard","meta":{"footnotes":""},"categories":[24],"tags":[],"class_list":["post-156114","post","type-post","status-publish","format-standard","hentry","category-justicia-y-derecho"],"_links":{"self":[{"href":"https:\/\/diariodominicano.com\/index.php?rest_route=\/wp\/v2\/posts\/156114","targetHints":{"allow":["GET"]}}],"collection":[{"href":"https:\/\/diariodominicano.com\/index.php?rest_route=\/wp\/v2\/posts"}],"about":[{"href":"https:\/\/diariodominicano.com\/index.php?rest_route=\/wp\/v2\/types\/post"}],"author":[{"embeddable":true,"href":"https:\/\/diariodominicano.com\/index.php?rest_route=\/wp\/v2\/users\/3"}],"replies":[{"embeddable":true,"href":"https:\/\/diariodominicano.com\/index.php?rest_route=%2Fwp%2Fv2%2Fcomments&post=156114"}],"version-history":[{"count":0,"href":"https:\/\/diariodominicano.com\/index.php?rest_route=\/wp\/v2\/posts\/156114\/revisions"}],"wp:attachment":[{"href":"https:\/\/diariodominicano.com\/index.php?rest_route=%2Fwp%2Fv2%2Fmedia&parent=156114"}],"wp:term":[{"taxonomy":"category","embeddable":true,"href":"https:\/\/diariodominicano.com\/index.php?rest_route=%2Fwp%2Fv2%2Fcategories&post=156114"},{"taxonomy":"post_tag","embeddable":true,"href":"https:\/\/diariodominicano.com\/index.php?rest_route=%2Fwp%2Fv2%2Ftags&post=156114"}],"curies":[{"name":"wp","href":"https:\/\/api.w.org\/{rel}","templated":true}]}}