{"id":156106,"date":"2010-09-13T16:36:41","date_gmt":"2010-09-13T16:36:41","guid":{"rendered":"http:\/\/diariodominicano.ddns.net\/?p=156106"},"modified":"2010-09-13T16:36:41","modified_gmt":"2010-09-13T16:36:41","slug":"prision-preventiva-hombre-acusado-violar-hija","status":"publish","type":"post","link":"https:\/\/diariodominicano.com\/?p=156106","title":{"rendered":"Prisi\u00f3n preventiva hombre acusado violar hija"},"content":{"rendered":"<p><body><\/p>\n<p><span class=\"text1noticias\">Santo Domingo, RD, 13 Sept 2010.- El Segundo Juzgado de Atenci\u00f3n Permanente de la Provincia Santo Domingo dict\u00f3 medida de coerci\u00f3n consistente en prisi\u00f3n preventiva contra un hombre acusado de abusar sexualmente a su hija menor de edad.<\/span><\/p>\n<\/p>\n<p><span class=\"text1noticias\">La magistrada Marcia Raquel Polanco De Sena envi\u00f3 por tres meses a la c\u00e1rcel de La Victoria a Juan Manuel Soriano Reyes.<\/span><\/p>\n<\/p>\n<p><span class=\"text1noticias\">La representante del Ministerio Publico en el caso, la fiscal adjunta Isaura Suarez explic\u00f3 que a Soriano Reyes se le abri\u00f3 un proceso luego de una denuncia de violaci\u00f3n sexual a su hija de 14 a\u00f1os, cuyo nombre se omite por razones legales.<\/span><\/p>\n<\/p>\n<p><span class=\"text1noticias\">La menor le habr\u00eda confesado a su madre que su progenitor abuso sexualmente de ella en varias ocasiones.<\/span><\/p>\n<\/p>\n<p><span class=\"text1noticias\">De acuerdo a la denuncia presentada, Juan Manuel Soriano Reyes amenazaba a su hija con matarla si dec\u00eda lo sucedido.<\/span><\/p>\n<\/p>\n<p><span class=\"text1noticias\">La medida ser\u00e1 revisada el d\u00eda ocho de diciembre del presente a\u00f1o a las cuatro y media de la tarde.<\/span><\/p>\n<\/p>\n<h6> 2010-09-13 16:36:41 <\/h6>\n<p><!--\n<link rel=\"stylesheet\" href=\"css\/bootstrap.min.css\">\n\n\n<ul class=\"pagination\">\n\t    \n\t\n\n<li >\n\t<a href='?page_no=31273'>Previous<\/a>\n\t<\/li>\n\n\n       \n    \n\n<li><a href='?page_no=1'>1<\/a><\/li>\n\n\n\n<li><a href='?page_no=2'>2<\/a><\/li>\n\n\n\n<li><a>...<\/a><\/li>\n\n\n\n<li><a href='?page_no=31272'>31272<\/a><\/li>\n\n\n\n<li><a href='?page_no=31273'>31273<\/a><\/li>\n\n\n\n<li class='active'><a>31274<\/a><\/li>\n\n\n\n<li><a href='?page_no=31275'>31275<\/a><\/li>\n\n\n\n<li><a href='?page_no=31276'>31276<\/a><\/li>\n\n\n\n<li><a>...<\/a><\/li>\n\n\n\n<li><a href='?page_no=31963'>31963<\/a><\/li>\n\n\n\n<li><a href='?page_no=31964'>31964<\/a><\/li>\n\n    \n\t\n\n<li >\n\t<a href='?page_no=31275'>Next<\/a>\n\t<\/li>\n\n\n    \n\n<li><a href='?page_no=31964'>Last &rsaquo;&rsaquo;<\/a><\/li>\n\n<\/ul>\n\n\n--><br \/>\n<\/body><\/p>\n","protected":false},"excerpt":{"rendered":"<p>Santo Domingo, RD, 13 Sept 2010.- El Segundo Juzgado de Atenci\u00f3n Permanente de la Provincia Santo Domingo dict\u00f3 medida de coerci\u00f3n consistente en prisi\u00f3n preventiva contra un hombre acusado de abusar sexualmente a su hija menor de edad. La magistrada Marcia Raquel Polanco De Sena envi\u00f3 por tres meses a la c\u00e1rcel de La Victoria [&hellip;]<\/p>\n","protected":false},"author":3,"featured_media":0,"comment_status":"open","ping_status":"open","sticky":false,"template":"","format":"standard","meta":{"footnotes":""},"categories":[24],"tags":[],"class_list":["post-156106","post","type-post","status-publish","format-standard","hentry","category-justicia-y-derecho"],"_links":{"self":[{"href":"https:\/\/diariodominicano.com\/index.php?rest_route=\/wp\/v2\/posts\/156106","targetHints":{"allow":["GET"]}}],"collection":[{"href":"https:\/\/diariodominicano.com\/index.php?rest_route=\/wp\/v2\/posts"}],"about":[{"href":"https:\/\/diariodominicano.com\/index.php?rest_route=\/wp\/v2\/types\/post"}],"author":[{"embeddable":true,"href":"https:\/\/diariodominicano.com\/index.php?rest_route=\/wp\/v2\/users\/3"}],"replies":[{"embeddable":true,"href":"https:\/\/diariodominicano.com\/index.php?rest_route=%2Fwp%2Fv2%2Fcomments&post=156106"}],"version-history":[{"count":0,"href":"https:\/\/diariodominicano.com\/index.php?rest_route=\/wp\/v2\/posts\/156106\/revisions"}],"wp:attachment":[{"href":"https:\/\/diariodominicano.com\/index.php?rest_route=%2Fwp%2Fv2%2Fmedia&parent=156106"}],"wp:term":[{"taxonomy":"category","embeddable":true,"href":"https:\/\/diariodominicano.com\/index.php?rest_route=%2Fwp%2Fv2%2Fcategories&post=156106"},{"taxonomy":"post_tag","embeddable":true,"href":"https:\/\/diariodominicano.com\/index.php?rest_route=%2Fwp%2Fv2%2Ftags&post=156106"}],"curies":[{"name":"wp","href":"https:\/\/api.w.org\/{rel}","templated":true}]}}