{"id":156105,"date":"2010-09-13T19:27:50","date_gmt":"2010-09-13T19:27:50","guid":{"rendered":"http:\/\/diariodominicano.ddns.net\/?p=156105"},"modified":"2010-09-13T19:27:50","modified_gmt":"2010-09-13T19:27:50","slug":"policia-apresa-marino-y-civil-atracaron-tienda-de-tejidos-en-la-avenida-mella","status":"publish","type":"post","link":"https:\/\/diariodominicano.com\/?p=156105","title":{"rendered":"Polic\u00eda apresa marino y civil atracaron tienda de tejidos en la avenida Mella"},"content":{"rendered":"<p><body><\/p>\n<p><span class=\"text1noticias\"> <\/span><\/p>\n<p><span class=\"text1noticias\">La Polic\u00eda Nacional report\u00f3 el apresamiento de dos personas entre ellas un sargento de la Marina de Guerra, acusadas del atraco a una tienda de venta de tejidos en la avenida Mella de la Capital, de donde luego de amordazar a su propietario y empleados  cargaron con m\u00e1s de 2 mil 400 pantalones jean y tres maletas repletas de prendas preciosas, entre otros art\u00edculos.<\/span><\/p>\n<\/p>\n<p><span class=\"text1noticias\">La instituci\u00f3n del orden dijo que los apresados por el atraco a la tienda HB Jean, son Bruno Nolasco Moronta y el sargento de la Marina de Guerra Luis Morales Feliz, quienes al ser interrogados admitieron su participaci\u00f3n en el hecho, mientras que se activa la localizaci\u00f3n de otras personas que tambi\u00e9n participaron en el atraco.<\/span><\/p>\n<\/p>\n<p><span class=\"text1noticias\">Nolasco Moronta fue apresado en el veh\u00edculo utilizado para el atraco, y tras ser interrogado dijo que act\u00fao por invitaci\u00f3n del sargento Morales Feliz.<\/span><\/p>\n<\/p>\n<p><span class=\"text1noticias\">En el veh\u00edculo encontraron varios pantalones jean de los robados, los cuales servir\u00e1n como cuerpo del delito en el expediente acusatorio que ser\u00e1 enviado a la justicia.<\/span><\/p>\n<\/p>\n<p><span class=\"text1noticias\">El atraco fue cometido por cinco personas que se presentaron al negocio y tras amordazar a su propietario Benito Urbano Adames, juntamente con sus empleados, se llevaron 2 mil 400 pantalones jean, tres  maletas llenas de prendas preciosas, 8 pares de tenis y m\u00e1s de 100 mil pesos en efectivo.<\/span><\/p>\n<\/p>\n<p><span class=\"text1noticias\">Al sargento Morales F\u00e9liz, la Polic\u00eda le ocup\u00f3 durante su apresamiento un chamaco de guardia color verde y una pistola a nombre de otra persona.<\/span><\/p>\n<\/p>\n<p><span class=\"text1noticias\">Morales Feliz declar\u00f3 que los principales autores del atraco son dos j\u00f3venes, uno solo identificados como Ruddy y otro como Wilson Ma\u00f1an\u00e1.<\/span><\/p>\n<h6> 2010-09-13 19:27:50 <\/h6>\n<p><!--\n<link rel=\"stylesheet\" href=\"css\/bootstrap.min.css\">\n\n\n<ul class=\"pagination\">\n\t    \n\t\n\n<li >\n\t<a href='?page_no=31272'>Previous<\/a>\n\t<\/li>\n\n\n       \n    \n\n<li><a href='?page_no=1'>1<\/a><\/li>\n\n\n\n<li><a href='?page_no=2'>2<\/a><\/li>\n\n\n\n<li><a>...<\/a><\/li>\n\n\n\n<li><a href='?page_no=31271'>31271<\/a><\/li>\n\n\n\n<li><a href='?page_no=31272'>31272<\/a><\/li>\n\n\n\n<li class='active'><a>31273<\/a><\/li>\n\n\n\n<li><a href='?page_no=31274'>31274<\/a><\/li>\n\n\n\n<li><a href='?page_no=31275'>31275<\/a><\/li>\n\n\n\n<li><a>...<\/a><\/li>\n\n\n\n<li><a href='?page_no=31963'>31963<\/a><\/li>\n\n\n\n<li><a href='?page_no=31964'>31964<\/a><\/li>\n\n    \n\t\n\n<li >\n\t<a href='?page_no=31274'>Next<\/a>\n\t<\/li>\n\n\n    \n\n<li><a href='?page_no=31964'>Last &rsaquo;&rsaquo;<\/a><\/li>\n\n<\/ul>\n\n\n--><br \/>\n<\/body><\/p>\n","protected":false},"excerpt":{"rendered":"<p>La Polic\u00eda Nacional report\u00f3 el apresamiento de dos personas entre ellas un sargento de la Marina de Guerra, acusadas del atraco a una tienda de venta de tejidos en la avenida Mella de la Capital, de donde luego de amordazar a su propietario y empleados cargaron con m\u00e1s de 2 mil 400 pantalones jean y [&hellip;]<\/p>\n","protected":false},"author":3,"featured_media":0,"comment_status":"open","ping_status":"open","sticky":false,"template":"","format":"standard","meta":{"footnotes":""},"categories":[24],"tags":[],"class_list":["post-156105","post","type-post","status-publish","format-standard","hentry","category-justicia-y-derecho"],"_links":{"self":[{"href":"https:\/\/diariodominicano.com\/index.php?rest_route=\/wp\/v2\/posts\/156105","targetHints":{"allow":["GET"]}}],"collection":[{"href":"https:\/\/diariodominicano.com\/index.php?rest_route=\/wp\/v2\/posts"}],"about":[{"href":"https:\/\/diariodominicano.com\/index.php?rest_route=\/wp\/v2\/types\/post"}],"author":[{"embeddable":true,"href":"https:\/\/diariodominicano.com\/index.php?rest_route=\/wp\/v2\/users\/3"}],"replies":[{"embeddable":true,"href":"https:\/\/diariodominicano.com\/index.php?rest_route=%2Fwp%2Fv2%2Fcomments&post=156105"}],"version-history":[{"count":0,"href":"https:\/\/diariodominicano.com\/index.php?rest_route=\/wp\/v2\/posts\/156105\/revisions"}],"wp:attachment":[{"href":"https:\/\/diariodominicano.com\/index.php?rest_route=%2Fwp%2Fv2%2Fmedia&parent=156105"}],"wp:term":[{"taxonomy":"category","embeddable":true,"href":"https:\/\/diariodominicano.com\/index.php?rest_route=%2Fwp%2Fv2%2Fcategories&post=156105"},{"taxonomy":"post_tag","embeddable":true,"href":"https:\/\/diariodominicano.com\/index.php?rest_route=%2Fwp%2Fv2%2Ftags&post=156105"}],"curies":[{"name":"wp","href":"https:\/\/api.w.org\/{rel}","templated":true}]}}