{"id":156103,"date":"2010-09-13T20:21:00","date_gmt":"2010-09-13T20:21:00","guid":{"rendered":"http:\/\/diariodominicano.ddns.net\/?p=156103"},"modified":"2010-09-13T20:21:00","modified_gmt":"2010-09-13T20:21:00","slug":"senadora-cristina-lizardo-asegura-no-opinara-fuera-de-comision-sobre-escogencia-jueces-jce","status":"publish","type":"post","link":"https:\/\/diariodominicano.com\/?p=156103","title":{"rendered":"Senadora Cristina Lizardo asegura no opinar\u00e1  fuera de comisi\u00f3n sobre escogencia jueces JCE"},"content":{"rendered":"<p><body><\/p>\n<p><img decoding=\"async\" src=\"http:\/\/localhost:8080\/justiciayderecho\/img3\/cristina lizardo.JPG\" \/>  <\/p>\n<\/p>\n<p><span class=\"text1noticias\">SANTO DOMINGO.- La Presidenta de la Comisi\u00f3n Especial de Seguimiento al Proceso de Selecci\u00f3n de los nuevos jueces de la Junta Central Electoral (JCE), senadora Cristina Lizardo,  asegur\u00f3 este lunes que solo en el seno de esta comisi\u00f3n presentar\u00e1 su opini\u00f3n en torno a la idea de varios senadores  que coinciden en su propuesta de que el pleno ratifique a una mayor\u00eda de los actuales jueces para que contin\u00faen al frente del tribunal de elecciones.<\/span><\/p>\n<\/p>\n<p><span class=\"text1noticias\">Seg\u00fan una informaci\u00f3n distribuida por la Direcci\u00f3n de Prensa del Senado, Lizardo emiti\u00f3 esta opini\u00f3n al ser preguntada por los periodistas que cubren la fuente del Congreso Nacional en relaci\u00f3n a una propuesta del senador Euclides S\u00e1nchez (PLD-La Vega), en el sentido de que el pleno del Senado ratifique la escogencia de Roberto Rosario, Julio C\u00e9sar Casta\u00f1os Guzm\u00e1n, Aura Celeste Fern\u00e1ndez, Mariano Rodr\u00edguez y Eddy Olivares, a los fines que pasen a conformar la nueva Junta Central Electoral (JCE).<\/span><\/p>\n<p><span class=\"text1noticias\">Mientras, la tambi\u00e9n Vicepresidenta del Senado de la Rep\u00fablica inform\u00f3 que este martes ser\u00e1 cerrado el plazo que se otorg\u00f3 a las personas interesadas en presentarse como candidatos para integrar la nueva Junta Central Electoral (JCE).<\/span><\/p>\n<\/p>\n<p><span class=\"text1noticias\">Asimismo, revel\u00f3  que cuando se aproxima el cierre de estas inscripciones, el Senado tiene oficialmente registrados 51 aspirantes a cubrir las posiciones de miembros titulares y suplentes del organismo comicial.<\/span><\/p>\n<\/p>\n<p><span class=\"text1noticias\">La funcionaria legislativa ofreci\u00f3 una relaci\u00f3n del listado oficial de precandidatos a jueces de la JCE, entre los cuales figuran a continuaci\u00f3n los siguientes profesionales del derecho: Porfirio Veras mercedes, Nery Altagracia Valerio Jim\u00e9nez, Juli\u00e1n El\u00edas Nolasco Germ\u00e1n, Pedro Antonio Mateo Imbert, Gloria Rosal\u00eda Mej\u00eda Cruz, Luis Marino \u00c1lvarez Alonzo, Ram\u00f3n Agramonte Alcequiez, Jorge Luis  Tav\u00e1rez, Estrella Rosa Sosa, Julio Cesar Casta\u00f1os Guzm\u00e1n, Genaro Alberto Silvestre, Miguel \u00c1ngel Luna Imbert, Genaro Alberto Silvestre, Omar Rafael Michel Suero y Ram\u00f3n Mart\u00ednez Portorreal.<\/span><\/p>\n<\/p>\n<p><span class=\"text1noticias\">Adem\u00e1s, se incluye a Gerardo Antonio Polonia Belliard, Juan Bautista Feliz P\u00e9rez, Bienvenida G\u00f3mez Echevarr\u00eda, Frank Rafael D\u00edaz Warden, John Newton Guilliani Valenzuela, \u00c1ngel Mar\u00eda Mart\u00ednez, Juan Antonio D\u00edaz Aponte, Puro Miguel Antonio Garc\u00eda Cordero, Rosario Altagracia Graciano de los Santos, Newton Rams\u00e9s Taveras Ortiz, Sonia Altagracia Hiciano Herrera, Rom\u00e1n Andr\u00e9s J\u00e1quez Liranzo, Armando Castillo Pe\u00f1a, Jes\u00fas Mar\u00eda Manzueta y Victoria Hidalgo Rodr\u00edguez.<\/span><\/p>\n<\/p>\n<p><span class=\"text1noticias\">Igualmente, se menciona a Altagracia Cede\u00f1o Aquino,  Juan de los Milagros Brea Montero, Jos\u00e9 Nicol\u00e1s Almanzar Garc\u00eda, Guillermina del Rosario Vinicio, Te\u00f3filo Enrique Regus, Blas Minaya Nolasco, Manuel Emilio Galv\u00e1n, Mayra Mercedes Goris Liriano,  Alba Luisa Beard Marcos, Fausto Marino Mendoza, Jorge Eligio M\u00e9ndez, Franklyn Reyes Ros\u00f3, Gregorio Antonio Sicard B\u00e1ez, Eddy Olivares Ortega, Josefina Antonia Abreu Yarull, Rafael D\u00edaz Filpo, Aura Celeste Fern\u00e1ndez, Miguel \u00c1ngel duran, Juan Amado Cedano Santana, Francisco infante Pe\u00f1a y Ada Elizabeth Barriola Lappot.<\/span><\/p>\n<\/p>\n<h6> 2010-09-13 20:21:00 <\/h6>\n<p><!--\n<link rel=\"stylesheet\" href=\"css\/bootstrap.min.css\">\n\n\n<ul class=\"pagination\">\n\t    \n\t\n\n<li >\n\t<a href='?page_no=31270'>Previous<\/a>\n\t<\/li>\n\n\n       \n    \n\n<li><a href='?page_no=1'>1<\/a><\/li>\n\n\n\n<li><a href='?page_no=2'>2<\/a><\/li>\n\n\n\n<li><a>...<\/a><\/li>\n\n\n\n<li><a href='?page_no=31269'>31269<\/a><\/li>\n\n\n\n<li><a href='?page_no=31270'>31270<\/a><\/li>\n\n\n\n<li class='active'><a>31271<\/a><\/li>\n\n\n\n<li><a href='?page_no=31272'>31272<\/a><\/li>\n\n\n\n<li><a href='?page_no=31273'>31273<\/a><\/li>\n\n\n\n<li><a>...<\/a><\/li>\n\n\n\n<li><a href='?page_no=31963'>31963<\/a><\/li>\n\n\n\n<li><a href='?page_no=31964'>31964<\/a><\/li>\n\n    \n\t\n\n<li >\n\t<a href='?page_no=31272'>Next<\/a>\n\t<\/li>\n\n\n    \n\n<li><a href='?page_no=31964'>Last &rsaquo;&rsaquo;<\/a><\/li>\n\n<\/ul>\n\n\n--><br \/>\n<\/body><\/p>\n","protected":false},"excerpt":{"rendered":"<p>SANTO DOMINGO.- La Presidenta de la Comisi\u00f3n Especial de Seguimiento al Proceso de Selecci\u00f3n de los nuevos jueces de la Junta Central Electoral (JCE), senadora Cristina Lizardo, asegur\u00f3 este lunes que solo en el seno de esta comisi\u00f3n presentar\u00e1 su opini\u00f3n en torno a la idea de varios senadores que coinciden en su propuesta de [&hellip;]<\/p>\n","protected":false},"author":3,"featured_media":0,"comment_status":"open","ping_status":"open","sticky":false,"template":"","format":"standard","meta":{"footnotes":""},"categories":[24],"tags":[],"class_list":["post-156103","post","type-post","status-publish","format-standard","hentry","category-justicia-y-derecho"],"_links":{"self":[{"href":"https:\/\/diariodominicano.com\/index.php?rest_route=\/wp\/v2\/posts\/156103","targetHints":{"allow":["GET"]}}],"collection":[{"href":"https:\/\/diariodominicano.com\/index.php?rest_route=\/wp\/v2\/posts"}],"about":[{"href":"https:\/\/diariodominicano.com\/index.php?rest_route=\/wp\/v2\/types\/post"}],"author":[{"embeddable":true,"href":"https:\/\/diariodominicano.com\/index.php?rest_route=\/wp\/v2\/users\/3"}],"replies":[{"embeddable":true,"href":"https:\/\/diariodominicano.com\/index.php?rest_route=%2Fwp%2Fv2%2Fcomments&post=156103"}],"version-history":[{"count":0,"href":"https:\/\/diariodominicano.com\/index.php?rest_route=\/wp\/v2\/posts\/156103\/revisions"}],"wp:attachment":[{"href":"https:\/\/diariodominicano.com\/index.php?rest_route=%2Fwp%2Fv2%2Fmedia&parent=156103"}],"wp:term":[{"taxonomy":"category","embeddable":true,"href":"https:\/\/diariodominicano.com\/index.php?rest_route=%2Fwp%2Fv2%2Fcategories&post=156103"},{"taxonomy":"post_tag","embeddable":true,"href":"https:\/\/diariodominicano.com\/index.php?rest_route=%2Fwp%2Fv2%2Ftags&post=156103"}],"curies":[{"name":"wp","href":"https:\/\/api.w.org\/{rel}","templated":true}]}}