{"id":156102,"date":"2010-09-13T20:23:14","date_gmt":"2010-09-13T20:23:14","guid":{"rendered":"http:\/\/diariodominicano.ddns.net\/?p=156102"},"modified":"2010-09-13T20:23:14","modified_gmt":"2010-09-13T20:23:14","slug":"circulan-100-mil-nuevos-ejemplares-de-la-ley-358-05-de-proteccion-al-consumidor","status":"publish","type":"post","link":"https:\/\/diariodominicano.com\/?p=156102","title":{"rendered":"Circulan 100 mil nuevos ejemplares de la Ley 358-05 de Protecci\u00f3n al Consumidor"},"content":{"rendered":"<p><body><\/p>\n<p><img decoding=\"async\" src=\"http:\/\/localhost:8080\/justiciayderecho\/img3\/DSC_0605.JPG\" \/>  <\/p>\n<ul>\n<li><strong><span class=\"text1noticias\">PARA QUE LA GENTE SE DEFIENDA<\/span><\/strong><\/li>\n<\/ul>\n<\/p>\n<p><span class=\"text1noticias\">Santo Domingo.-Con el objetivo de garantizar que la poblaci\u00f3n tenga mejor orientaci\u00f3n para defender sus derechos econ\u00f3micos, Pro Consumidor public\u00f3 la cuarta edici\u00f3n de la Ley General de Protecci\u00f3n de los Derechos del Consumidor o Usuario 358-05, durante un acto en el que el doctor Alejandro Salcedo dict\u00f3 la conferencia magistral \u00abResoluci\u00f3n Amistosa de Conflictos: El Arbitraje de Consumo\u00bb.<\/span><\/p>\n<\/p>\n<p><span class=\"text1noticias\">La nueva edici\u00f3n 2010 de la Ley de Protecci\u00f3n al Consumidor consta de cien mil ejemplares, puestos en circulaci\u00f3n con auspicios del Comisionado de Apoyo a la Reforma y Modernizaci\u00f3n de la Justicia, en el Sal\u00f3n Octagonal del Edificio de Postgrado de la Pontificia Universidad Cat\u00f3lica Madre y Maestra (PUCMM).<\/span><\/p>\n<\/p>\n<p><span class=\"text1noticias\">Fue encabezada en mesa de honor por la licenciada Altagracia Paulino, directora ejecutiva de Pro Consumidor; el doctor Lino V\u00e1squez Samuel, presidente del Comisionado de Apoyo a la Justicia; el ingeniero Pedward Castillo, decano de la Facultad de Ciencias Sociales y Administrativas de la PUCMM y el doctor Salcedo, conferencista, director del Instituto de Consumo de Castilla La Mancha.<\/span><\/p>\n<\/p>\n<p><span class=\"text1noticias\">La nueva edici\u00f3n de la Ley de Protecci\u00f3n al Consumidor tambi\u00e9n cont\u00f3 con aportes de la Comisi\u00f3n Nacional de Ejecuci\u00f3n de la Reforma Procesal Penal (CONAEJ).<\/span><\/p>\n<\/p>\n<h6> 2010-09-13 20:23:14 <\/h6>\n<p><!--\n<link rel=\"stylesheet\" href=\"css\/bootstrap.min.css\">\n\n\n<ul class=\"pagination\">\n\t    \n\t\n\n<li >\n\t<a href='?page_no=31269'>Previous<\/a>\n\t<\/li>\n\n\n       \n    \n\n<li><a href='?page_no=1'>1<\/a><\/li>\n\n\n\n<li><a href='?page_no=2'>2<\/a><\/li>\n\n\n\n<li><a>...<\/a><\/li>\n\n\n\n<li><a href='?page_no=31268'>31268<\/a><\/li>\n\n\n\n<li><a href='?page_no=31269'>31269<\/a><\/li>\n\n\n\n<li class='active'><a>31270<\/a><\/li>\n\n\n\n<li><a href='?page_no=31271'>31271<\/a><\/li>\n\n\n\n<li><a href='?page_no=31272'>31272<\/a><\/li>\n\n\n\n<li><a>...<\/a><\/li>\n\n\n\n<li><a href='?page_no=31963'>31963<\/a><\/li>\n\n\n\n<li><a href='?page_no=31964'>31964<\/a><\/li>\n\n    \n\t\n\n<li >\n\t<a href='?page_no=31271'>Next<\/a>\n\t<\/li>\n\n\n    \n\n<li><a href='?page_no=31964'>Last &rsaquo;&rsaquo;<\/a><\/li>\n\n<\/ul>\n\n\n--><br \/>\n<\/body><\/p>\n","protected":false},"excerpt":{"rendered":"<p>PARA QUE LA GENTE SE DEFIENDA Santo Domingo.-Con el objetivo de garantizar que la poblaci\u00f3n tenga mejor orientaci\u00f3n para defender sus derechos econ\u00f3micos, Pro Consumidor public\u00f3 la cuarta edici\u00f3n de la Ley General de Protecci\u00f3n de los Derechos del Consumidor o Usuario 358-05, durante un acto en el que el doctor Alejandro Salcedo dict\u00f3 la [&hellip;]<\/p>\n","protected":false},"author":3,"featured_media":0,"comment_status":"open","ping_status":"open","sticky":false,"template":"","format":"standard","meta":{"footnotes":""},"categories":[24],"tags":[],"class_list":["post-156102","post","type-post","status-publish","format-standard","hentry","category-justicia-y-derecho"],"_links":{"self":[{"href":"https:\/\/diariodominicano.com\/index.php?rest_route=\/wp\/v2\/posts\/156102","targetHints":{"allow":["GET"]}}],"collection":[{"href":"https:\/\/diariodominicano.com\/index.php?rest_route=\/wp\/v2\/posts"}],"about":[{"href":"https:\/\/diariodominicano.com\/index.php?rest_route=\/wp\/v2\/types\/post"}],"author":[{"embeddable":true,"href":"https:\/\/diariodominicano.com\/index.php?rest_route=\/wp\/v2\/users\/3"}],"replies":[{"embeddable":true,"href":"https:\/\/diariodominicano.com\/index.php?rest_route=%2Fwp%2Fv2%2Fcomments&post=156102"}],"version-history":[{"count":0,"href":"https:\/\/diariodominicano.com\/index.php?rest_route=\/wp\/v2\/posts\/156102\/revisions"}],"wp:attachment":[{"href":"https:\/\/diariodominicano.com\/index.php?rest_route=%2Fwp%2Fv2%2Fmedia&parent=156102"}],"wp:term":[{"taxonomy":"category","embeddable":true,"href":"https:\/\/diariodominicano.com\/index.php?rest_route=%2Fwp%2Fv2%2Fcategories&post=156102"},{"taxonomy":"post_tag","embeddable":true,"href":"https:\/\/diariodominicano.com\/index.php?rest_route=%2Fwp%2Fv2%2Ftags&post=156102"}],"curies":[{"name":"wp","href":"https:\/\/api.w.org\/{rel}","templated":true}]}}