{"id":156099,"date":"2010-09-13T22:04:05","date_gmt":"2010-09-13T22:04:05","guid":{"rendered":"http:\/\/diariodominicano.ddns.net\/?p=156099"},"modified":"2010-09-13T22:04:05","modified_gmt":"2010-09-13T22:04:05","slug":"derechos-humanos-condena-asesinato-de-tres-policias","status":"publish","type":"post","link":"https:\/\/diariodominicano.com\/?p=156099","title":{"rendered":"Derechos Humanos condena asesinato de tres polic\u00edas"},"content":{"rendered":"<p><body><\/p>\n<p><img decoding=\"async\" src=\"http:\/\/localhost:8080\/justiciayderecho\/img3\/manuel m mercedes.jpg\" \/>  <\/p>\n<\/p>\n<p><span class=\"text1noticias\">Santo Domingo.-La Comisi\u00f3n Nacional de los Derechos Humanos conden\u00f3 el asesinato de tres polic\u00edas a manos de varios  asaltantes en el sector Los Girasoles, en Santo Domingo Oeste.<\/span><\/p>\n<\/p>\n<p><span class=\"text1noticias\">El presidente de los Derechos Humanos, Manuel Mar\u00eda Mercedes, dijo que este tipo de situaci\u00f3n no se puede tolerar y se debe profundizar en la verdadera causa del hecho.<\/span><\/p>\n<\/p>\n<p><span class=\"text1noticias\">Anuncio que puso a disposici\u00f3n de la Polic\u00eda y  familiares de las victimas los abogados y el equipo t\u00e9cnico de los Derechos Humanos para que se unan a las investigaciones.<\/span><\/p>\n<\/p>\n<p><span class=\"text1noticias\">Los muertos fueron el segundo teniente M\u00e1rtires D\u00edaz P\u00e9rez, y los cabos Jos\u00e9 Arturo Ogando Ram\u00edrez y Ota\u00f1ez Medina, mientras que el herido es el sargento Alejandro Alc\u00e1ntara Mateo, adscrito a Radio Patrulla. <\/span><\/p>\n<\/p>\n<p><span class=\"text1noticias\">La Polic\u00eda apres\u00f3 la noche de este domingo a otros dos hombres a quienes involucra en el ataque a la patrulla  policial en el que murieron los agentes.<\/span><\/p>\n<\/p>\n<h6> 2010-09-13 22:04:05 <\/h6>\n<p><!--\n<link rel=\"stylesheet\" href=\"css\/bootstrap.min.css\">\n\n\n<ul class=\"pagination\">\n\t    \n\t\n\n<li >\n\t<a href='?page_no=31266'>Previous<\/a>\n\t<\/li>\n\n\n       \n    \n\n<li><a href='?page_no=1'>1<\/a><\/li>\n\n\n\n<li><a href='?page_no=2'>2<\/a><\/li>\n\n\n\n<li><a>...<\/a><\/li>\n\n\n\n<li><a href='?page_no=31265'>31265<\/a><\/li>\n\n\n\n<li><a href='?page_no=31266'>31266<\/a><\/li>\n\n\n\n<li class='active'><a>31267<\/a><\/li>\n\n\n\n<li><a href='?page_no=31268'>31268<\/a><\/li>\n\n\n\n<li><a href='?page_no=31269'>31269<\/a><\/li>\n\n\n\n<li><a>...<\/a><\/li>\n\n\n\n<li><a href='?page_no=31963'>31963<\/a><\/li>\n\n\n\n<li><a href='?page_no=31964'>31964<\/a><\/li>\n\n    \n\t\n\n<li >\n\t<a href='?page_no=31268'>Next<\/a>\n\t<\/li>\n\n\n    \n\n<li><a href='?page_no=31964'>Last &rsaquo;&rsaquo;<\/a><\/li>\n\n<\/ul>\n\n\n--><br \/>\n<\/body><\/p>\n","protected":false},"excerpt":{"rendered":"<p>Santo Domingo.-La Comisi\u00f3n Nacional de los Derechos Humanos conden\u00f3 el asesinato de tres polic\u00edas a manos de varios asaltantes en el sector Los Girasoles, en Santo Domingo Oeste. El presidente de los Derechos Humanos, Manuel Mar\u00eda Mercedes, dijo que este tipo de situaci\u00f3n no se puede tolerar y se debe profundizar en la verdadera causa [&hellip;]<\/p>\n","protected":false},"author":3,"featured_media":0,"comment_status":"open","ping_status":"open","sticky":false,"template":"","format":"standard","meta":{"footnotes":""},"categories":[24],"tags":[],"class_list":["post-156099","post","type-post","status-publish","format-standard","hentry","category-justicia-y-derecho"],"_links":{"self":[{"href":"https:\/\/diariodominicano.com\/index.php?rest_route=\/wp\/v2\/posts\/156099","targetHints":{"allow":["GET"]}}],"collection":[{"href":"https:\/\/diariodominicano.com\/index.php?rest_route=\/wp\/v2\/posts"}],"about":[{"href":"https:\/\/diariodominicano.com\/index.php?rest_route=\/wp\/v2\/types\/post"}],"author":[{"embeddable":true,"href":"https:\/\/diariodominicano.com\/index.php?rest_route=\/wp\/v2\/users\/3"}],"replies":[{"embeddable":true,"href":"https:\/\/diariodominicano.com\/index.php?rest_route=%2Fwp%2Fv2%2Fcomments&post=156099"}],"version-history":[{"count":0,"href":"https:\/\/diariodominicano.com\/index.php?rest_route=\/wp\/v2\/posts\/156099\/revisions"}],"wp:attachment":[{"href":"https:\/\/diariodominicano.com\/index.php?rest_route=%2Fwp%2Fv2%2Fmedia&parent=156099"}],"wp:term":[{"taxonomy":"category","embeddable":true,"href":"https:\/\/diariodominicano.com\/index.php?rest_route=%2Fwp%2Fv2%2Fcategories&post=156099"},{"taxonomy":"post_tag","embeddable":true,"href":"https:\/\/diariodominicano.com\/index.php?rest_route=%2Fwp%2Fv2%2Ftags&post=156099"}],"curies":[{"name":"wp","href":"https:\/\/api.w.org\/{rel}","templated":true}]}}