{"id":156098,"date":"2010-09-13T22:21:31","date_gmt":"2010-09-13T22:21:31","guid":{"rendered":"http:\/\/diariodominicano.ddns.net\/?p=156098"},"modified":"2010-09-13T22:21:31","modified_gmt":"2010-09-13T22:21:31","slug":"gobierno-planifica-12-mil-becas-para-el-2012","status":"publish","type":"post","link":"https:\/\/diariodominicano.com\/?p=156098","title":{"rendered":"Gobierno planifica 12 mil becas para el 2012&#13;"},"content":{"rendered":"<p><body><\/p>\n<p><img decoding=\"async\" src=\"http:\/\/localhost:8080\/justiciayderecho\/img3\/palacio nacional.jpg\" \/><br \/><img decoding=\"async\" src=\"http:\/\/localhost:8080\/justiciayderecho\/img3\/palacio nacional.jpg\" \/>  <\/p>\n<\/p>\n<p><span class=\"text1noticias\">Santo Domingo.- Teniendo en cuenta las tendencias de la econom\u00eda mundial y de los retos que impone la sociedad del conocimiento, el Gobierno se propone que para el 2012 hayan m\u00e1s de 10 mil egresados beneficiados con becas de estudios en el exterior, en su mayor\u00eda de postgrado, en universidades internacionales. <\/span><\/p>\n<\/p>\n<p><span class=\"text1noticias\">Este programa gubernamental, que es una iniciativa del presidente Leonel Fern\u00e1ndez, fruto de su firme decisi\u00f3n de transformar al pa\u00eds en materia educativa, llev\u00e1ndolo a niveles altos de desarrollo se impulsa con la cooperaci\u00f3n de 24 universidades, de 9 pa\u00edses, y de 11 Community Colleges y Colleges de New York.<\/span><\/p>\n<\/p>\n<p><span class=\"text1noticias\">A la fecha, el Ministerio de Educaci\u00f3n Superior, Ciencia y Tecnolog\u00eda (MESCyT) ha egresado de estas entregas de becas 5,000 becarios, que con los 1,280 que se despidieron recientemente alcanza la cifra de 6,280 becarios, lo que indica que se est\u00e1 cerca de la meta de los 10,000 que se aspiran.<\/span><\/p>\n<\/p>\n<p><span class=\"text1noticias\">Los objetivos que se persiguen en el programa, fundamentalmente son: aportar al pa\u00eds un capital humano de alta calidad profesional, apoyar los programas de fomento a la equidad que implementa esta gesti\u00f3n gubernamental y contribuir a fortalecer la cohesi\u00f3n social.<\/span><\/p>\n<\/p>\n<p><span class=\"text1noticias\">En el programa de becas se privilegian las carreras que tienen m\u00e1s incidencia en el desarrollo del pa\u00eds, detectadas a trav\u00e9s de estudios de necesidades que el Ministerio ha realizado con los sectores productivos y de servicios, pero sobre todo teniendo en cuenta las tendencias de la econom\u00eda mundial y de los retos que impone la sociedad del conocimiento.<\/span><\/p>\n<\/p>\n<p><span class=\"text1noticias\">Entre los logros que puede mostrar este esquema de estudio est\u00e1n inserci\u00f3n de j\u00f3venes profesionales en los sectores productivos e instituciones gubernamentales, transferencia de tecnolog\u00edas e impulso a la creatividad y la innovaci\u00f3n.<\/span><\/p>\n<\/p>\n<p><span class=\"text1noticias\">Adem\u00e1s, estimulo a j\u00f3venes dominicanos, disminuci\u00f3n de la brecha entre sectores de la poblaci\u00f3n, mejoramiento del cuerpo docente en algunas universidades y contribuci\u00f3n a la mejora personal y de las familias de los egresados.<\/span><\/p>\n<\/p>\n<p><span class=\"text1noticias\">De acuerdo a Educaci\u00f3n Superior, todo esto ir\u00e1 aumentando en la medida en que se desarrolle el programa de Bolsas de Empleo para becarios iniciado recientemente, con la finalidad de facilitar a los egresados su colocaci\u00f3n en el mundo del trabajo y a los sectores productivos de contar con informaciones sobre personal calificado conforme a sus requerimientos. <\/span><\/p>\n<\/p>\n<p><span class=\"text1noticias\">Los gobiernos que han apoyado a los estudiantes son especialmente los de Estados Unidos, Espa\u00f1a, Francia, Italia, Corea del Sur,  M\u00e9xico, Cuba, Brasil y sus representantes en el pa\u00eds, quienes facilitan los tr\u00e1mites requeridos.<\/span><\/p>\n<\/p>\n<p><span class=\"text1noticias\">Recientemente 645 egresados de becas internacionales han regresado al pa\u00eds para insertarse en la producci\u00f3n.<\/span><\/p>\n<\/p>\n<h6> 2010-09-13 22:21:31 <\/h6>\n<p><!--\n<link rel=\"stylesheet\" href=\"css\/bootstrap.min.css\">\n\n\n<ul class=\"pagination\">\n\t    \n\t\n\n<li >\n\t<a href='?page_no=31265'>Previous<\/a>\n\t<\/li>\n\n\n       \n    \n\n<li><a href='?page_no=1'>1<\/a><\/li>\n\n\n\n<li><a href='?page_no=2'>2<\/a><\/li>\n\n\n\n<li><a>...<\/a><\/li>\n\n\n\n<li><a href='?page_no=31264'>31264<\/a><\/li>\n\n\n\n<li><a href='?page_no=31265'>31265<\/a><\/li>\n\n\n\n<li class='active'><a>31266<\/a><\/li>\n\n\n\n<li><a href='?page_no=31267'>31267<\/a><\/li>\n\n\n\n<li><a href='?page_no=31268'>31268<\/a><\/li>\n\n\n\n<li><a>...<\/a><\/li>\n\n\n\n<li><a href='?page_no=31963'>31963<\/a><\/li>\n\n\n\n<li><a href='?page_no=31964'>31964<\/a><\/li>\n\n    \n\t\n\n<li >\n\t<a href='?page_no=31267'>Next<\/a>\n\t<\/li>\n\n\n    \n\n<li><a href='?page_no=31964'>Last &rsaquo;&rsaquo;<\/a><\/li>\n\n<\/ul>\n\n\n--><br \/>\n<\/body><\/p>\n","protected":false},"excerpt":{"rendered":"<p>Santo Domingo.- Teniendo en cuenta las tendencias de la econom\u00eda mundial y de los retos que impone la sociedad del conocimiento, el Gobierno se propone que para el 2012 hayan m\u00e1s de 10 mil egresados beneficiados con becas de estudios en el exterior, en su mayor\u00eda de postgrado, en universidades internacionales. Este programa gubernamental, que [&hellip;]<\/p>\n","protected":false},"author":3,"featured_media":0,"comment_status":"open","ping_status":"open","sticky":false,"template":"","format":"standard","meta":{"footnotes":""},"categories":[24],"tags":[],"class_list":["post-156098","post","type-post","status-publish","format-standard","hentry","category-justicia-y-derecho"],"_links":{"self":[{"href":"https:\/\/diariodominicano.com\/index.php?rest_route=\/wp\/v2\/posts\/156098","targetHints":{"allow":["GET"]}}],"collection":[{"href":"https:\/\/diariodominicano.com\/index.php?rest_route=\/wp\/v2\/posts"}],"about":[{"href":"https:\/\/diariodominicano.com\/index.php?rest_route=\/wp\/v2\/types\/post"}],"author":[{"embeddable":true,"href":"https:\/\/diariodominicano.com\/index.php?rest_route=\/wp\/v2\/users\/3"}],"replies":[{"embeddable":true,"href":"https:\/\/diariodominicano.com\/index.php?rest_route=%2Fwp%2Fv2%2Fcomments&post=156098"}],"version-history":[{"count":0,"href":"https:\/\/diariodominicano.com\/index.php?rest_route=\/wp\/v2\/posts\/156098\/revisions"}],"wp:attachment":[{"href":"https:\/\/diariodominicano.com\/index.php?rest_route=%2Fwp%2Fv2%2Fmedia&parent=156098"}],"wp:term":[{"taxonomy":"category","embeddable":true,"href":"https:\/\/diariodominicano.com\/index.php?rest_route=%2Fwp%2Fv2%2Fcategories&post=156098"},{"taxonomy":"post_tag","embeddable":true,"href":"https:\/\/diariodominicano.com\/index.php?rest_route=%2Fwp%2Fv2%2Ftags&post=156098"}],"curies":[{"name":"wp","href":"https:\/\/api.w.org\/{rel}","templated":true}]}}