{"id":156096,"date":"2010-09-13T22:33:17","date_gmt":"2010-09-13T22:33:17","guid":{"rendered":"http:\/\/diariodominicano.ddns.net\/?p=156096"},"modified":"2010-09-13T22:33:17","modified_gmt":"2010-09-13T22:33:17","slug":"juez-se-reserva-fallo-de-recurso-interpuesto-por-sobeida","status":"publish","type":"post","link":"https:\/\/diariodominicano.com\/?p=156096","title":{"rendered":"Juez se reserva fallo de recurso interpuesto por Sobeida"},"content":{"rendered":"<p><body><\/p>\n<p><img decoding=\"async\" src=\"http:\/\/localhost:8080\/justiciayderecho\/img3\/SobeidaF.jpg\" \/>  <\/p>\n<\/p>\n<p><span class=\"text1noticias\">Santo Domingo.-El juez suplente de la Ejecuci\u00f3n de la Pena de San Crist\u00f3bal, se reserv\u00f3 el fallo esta tarde sobre el conocimiento de un recurso de amparo presentado por la reclusa Sobeida F\u00e9lix Morel, para que se mejoren sus condiciones carcelarias.<\/span><\/p>\n<\/p>\n<p><span class=\"text1noticias\"> Los abogados de  F\u00e9lix  Morel  buscan que se le mantenga con las dem\u00e1s reclusas, ya que alega que est\u00e1 en una celda aislada, viol\u00e1ndole sus derechos.<\/span><\/p>\n<\/p>\n<p><span class=\"text1noticias\">El magistrado Willi de Jes\u00fas N\u00fa\u00f1ez se reserv\u00f3 el fallo para el pr\u00f3ximo lunes a las dos de la tarde, luego de escuchar las conclusiones del abogado de Sobeida, doctor F\u00e9lix Humberto Portes N\u00fa\u00f1ez; el procurador de la Corte de Apelaci\u00f3n de San Crist\u00f3bal, Jes\u00fas V\u00e9lez Santana; el fiscal de esa demarcaci\u00f3n Faustino Pulanario y el doctor Pedro Castillo en representaci\u00f3n de la Procuradur\u00eda General de la Rep\u00fablica.<\/span><\/p>\n<\/p>\n<p><span class=\"text1noticias\">En sus conclusiones,  Portes N\u00fa\u00f1ez pidi\u00f3 al tribunal que a su defendida se le d\u00e9 el mismo trato que a las dem\u00e1s internas, incluyendo a Mary Pel\u00e1ez, quien figura junto a ella en el expediente del caso de la red que dirig\u00eda Jos\u00e9 David Figueroa Agosto.<\/span><\/p>\n<\/p>\n<p><span class=\"text1noticias\">Pidi\u00f3, asimismo, que se ordene a la Procuradur\u00eda General de la Rep\u00fablica, a la Direcci\u00f3n de Prisiones y a la direcci\u00f3n del Centro de Correcci\u00f3n y Rehabilitaci\u00f3n de Najayo- Mujeres,  la restituci\u00f3n de los derechos conculcados a su defendida Sobeida F\u00e9lix Morel y, en consecuencia, ordenar su traslado desde la celda de castigo o reflexi\u00f3n, donde se encuentra, a uno de los pasillos del centro.<\/span><\/p>\n<\/p>\n<p><span class=\"text1noticias\">De su lado, el ministerio p\u00fablico pidi\u00f3 al tribunal rechazar el recurso de amparo presentado por F\u00e9lix Morel, tras considerar que no se le han violado sus derechos y que est\u00e1 en una celda de alta seguridad o VIP y que a ella se le permiten llamadas telef\u00f3nicas y algunas visitas.<\/span><\/p>\n<\/p>\n<p><span class=\"text1noticias\">Asimismo, pidieron al tribunal ordenar el mantenimiento en esa celda de la interna, alegando que es por razones de seguridad para evitar lo que ocurri\u00f3 con el recluso ?Alex el Pelotero? que fue asesinado en la c\u00e1rcel de La Victoria.<\/span><\/p>\n<\/p>\n<p><span class=\"text1noticias\">Tras tomar un turno en el tribunal, Sobeida F\u00e9lix Morel dijo que no ten\u00eda privacidad  y que no se explica porqu\u00e9 la tienen aislada como si fuera una asesina. Puso como ejemplo que una de las dos j\u00f3venes acusadas de asesinar siete taxistas en la provincia Santo Domingo la tienen con las dem\u00e1s reclusas y que ella no es diferente a las dem\u00e1s.<\/span><\/p>\n<\/p>\n<p><span class=\"text1noticias\">Dijo que el pasado viernes en su celda entr\u00f3 un maco grande y ?yo me desgalill\u00e9 llamando a la seguridad y no me escuchaban y si hubiese estado con las dem\u00e1s reclusas me hubieran escuchado por eso quiero que me mantengan con las dem\u00e1s reclusas? dijo.<\/span><\/p>\n<\/p>\n<h6> 2010-09-13 22:33:17 <\/h6>\n<p><!--\n<link rel=\"stylesheet\" href=\"css\/bootstrap.min.css\">\n\n\n<ul class=\"pagination\">\n\t    \n\t\n\n<li >\n\t<a href='?page_no=31263'>Previous<\/a>\n\t<\/li>\n\n\n       \n    \n\n<li><a href='?page_no=1'>1<\/a><\/li>\n\n\n\n<li><a href='?page_no=2'>2<\/a><\/li>\n\n\n\n<li><a>...<\/a><\/li>\n\n\n\n<li><a href='?page_no=31262'>31262<\/a><\/li>\n\n\n\n<li><a href='?page_no=31263'>31263<\/a><\/li>\n\n\n\n<li class='active'><a>31264<\/a><\/li>\n\n\n\n<li><a href='?page_no=31265'>31265<\/a><\/li>\n\n\n\n<li><a href='?page_no=31266'>31266<\/a><\/li>\n\n\n\n<li><a>...<\/a><\/li>\n\n\n\n<li><a href='?page_no=31963'>31963<\/a><\/li>\n\n\n\n<li><a href='?page_no=31964'>31964<\/a><\/li>\n\n    \n\t\n\n<li >\n\t<a href='?page_no=31265'>Next<\/a>\n\t<\/li>\n\n\n    \n\n<li><a href='?page_no=31964'>Last &rsaquo;&rsaquo;<\/a><\/li>\n\n<\/ul>\n\n\n--><br \/>\n<\/body><\/p>\n","protected":false},"excerpt":{"rendered":"<p>Santo Domingo.-El juez suplente de la Ejecuci\u00f3n de la Pena de San Crist\u00f3bal, se reserv\u00f3 el fallo esta tarde sobre el conocimiento de un recurso de amparo presentado por la reclusa Sobeida F\u00e9lix Morel, para que se mejoren sus condiciones carcelarias. Los abogados de F\u00e9lix Morel buscan que se le mantenga con las dem\u00e1s reclusas, [&hellip;]<\/p>\n","protected":false},"author":3,"featured_media":0,"comment_status":"open","ping_status":"open","sticky":false,"template":"","format":"standard","meta":{"footnotes":""},"categories":[24],"tags":[],"class_list":["post-156096","post","type-post","status-publish","format-standard","hentry","category-justicia-y-derecho"],"_links":{"self":[{"href":"https:\/\/diariodominicano.com\/index.php?rest_route=\/wp\/v2\/posts\/156096","targetHints":{"allow":["GET"]}}],"collection":[{"href":"https:\/\/diariodominicano.com\/index.php?rest_route=\/wp\/v2\/posts"}],"about":[{"href":"https:\/\/diariodominicano.com\/index.php?rest_route=\/wp\/v2\/types\/post"}],"author":[{"embeddable":true,"href":"https:\/\/diariodominicano.com\/index.php?rest_route=\/wp\/v2\/users\/3"}],"replies":[{"embeddable":true,"href":"https:\/\/diariodominicano.com\/index.php?rest_route=%2Fwp%2Fv2%2Fcomments&post=156096"}],"version-history":[{"count":0,"href":"https:\/\/diariodominicano.com\/index.php?rest_route=\/wp\/v2\/posts\/156096\/revisions"}],"wp:attachment":[{"href":"https:\/\/diariodominicano.com\/index.php?rest_route=%2Fwp%2Fv2%2Fmedia&parent=156096"}],"wp:term":[{"taxonomy":"category","embeddable":true,"href":"https:\/\/diariodominicano.com\/index.php?rest_route=%2Fwp%2Fv2%2Fcategories&post=156096"},{"taxonomy":"post_tag","embeddable":true,"href":"https:\/\/diariodominicano.com\/index.php?rest_route=%2Fwp%2Fv2%2Ftags&post=156096"}],"curies":[{"name":"wp","href":"https:\/\/api.w.org\/{rel}","templated":true}]}}