{"id":156089,"date":"2010-09-14T19:51:42","date_gmt":"2010-09-14T19:51:42","guid":{"rendered":"http:\/\/diariodominicano.ddns.net\/?p=156089"},"modified":"2010-09-14T19:51:42","modified_gmt":"2010-09-14T19:51:42","slug":"vicepresidente-participa-en-actos-bicentenario-independencia-y-centenario-revolucion-mexico","status":"publish","type":"post","link":"https:\/\/diariodominicano.com\/?p=156089","title":{"rendered":"&#13;Vicepresidente participa en actos bicentenario independencia y centenario Revoluci\u00f3n  M\u00e9xico"},"content":{"rendered":"<p><body><\/p>\n<p><img decoding=\"async\" src=\"http:\/\/localhost:8080\/justiciayderecho\/img3\/rafael alburquerque.jpg\" \/>  <\/p>\n<p><span class=\"text1noticias\"> <\/span><\/p>\n<\/p>\n<\/p>\n<p><span class=\"text1noticias\">M\u00e9xico, D. F.- El vicepresidente de la Rep\u00fablica, doctor Rafael Alburquerque, fue recibido en el Aeropuerto Internacional Benito Ju\u00e1rez, por el canciller mexicano, Patricia Espinosa, a su arribo a este pa\u00eds, donde encabeza la delegaci\u00f3n oficial que asiste a los actos conmemorativos del Bicentenario de la Independencia y el Centenario de la Revoluci\u00f3n mexicana, junto al Embajador dominicano.<\/span><\/p>\n<\/p>\n<p><span class=\"text1noticias\">Alburquerque particip\u00f3 junto al Embajador dominicano en este pa\u00eds, Fernando P\u00e9rez Mem\u00e9n, este martes en el desayuno privado para jefes de Estados y Gobierno que la Presidencia de M\u00e9xico organiz\u00f3, y luego estuvo en la exposici\u00f3n ?M\u00e9xico 200 A\u00f1os?.<\/span><\/p>\n<\/p>\n<p><span class=\"text1noticias\">Al medio d\u00eda, el vicepresidente dominicano estuvo en el espect\u00e1culo que la Orquesta Juvenil Carlos Ch\u00e1vez y el Coro Infantil de la Rep\u00fablica, junto al grupo Rinc\u00f3n de la Marimba de Oaxaca, organizaron en el Museo Nacional de Antropolog\u00eda e Historia, para los Jefes de Estados, Gobiernos y las Delegaciones Oficiales que asisten a la actividad, donde adem\u00e1s recorri\u00f3 las instalaciones de dicho lugar.<\/span><\/p>\n<\/p>\n<p><span class=\"text1noticias\">En dicho recorrido el doctor Alburquerque pudo apreciar los detalles de la cultura hisp\u00e1nica y prehisp\u00e1nica que vivi\u00f3 la Rep\u00fablica mexicana en su primeros a\u00f1os de fundaci\u00f3n; as\u00ed como las etapas y procesos que tuvo que vivir este pueblo durante la Revoluci\u00f3n de Independencia, caracterizada por la larga dictadura de Porfirio D\u00edaz, por 34 a\u00f1os, su derrocamiento y las luchas fratricidas que caracterizaron ese proceso.<\/span><\/p>\n<\/p>\n<p><span class=\"text1noticias\"> La Canciller mexicana, Patricia Espinosa Cantellano, ofreci\u00f3 un almuerzo de honor a los Jefes de Estados y Gobiernos que asisten a los actos del Bicentenario de la Independencia mexicana y la conmemoraci\u00f3n del Centenario de la Revoluci\u00f3n de ese pa\u00eds.<\/span><\/p>\n<p><span class=\"text1noticias\"> <\/span><\/p>\n<\/p>\n<p><span class=\"text1noticias\">Tambi\u00e9n, el doctor Rafael Alburquerque, particip\u00f3 en el Concierto de m\u00fasica popular que organiz\u00f3 la Presidencia mexicana para los Jefes de Estados y Gobiernos que asisten a los actos.<\/span><\/p>\n<\/p>\n<p><span class=\"text1noticias\">El presiente mexicano, Felipe Calder\u00f3n y su esposa Margarita Zabala, recibieron  a los Jefes de Estados y Gobiernos que asisten a los actos conmemorativos de las efem\u00e9rides mexicanas, en el Palacio Nacional, donde le ofrecieron una cena de honor y le presentaron un espect\u00e1culo con el Ballet Folkl\u00f3rico y el Grupo Arpas de Am\u00e9rica.<\/span><\/p>\n<\/p>\n<p><span class=\"text1noticias\">El vicepresidente de la Republica viaja acompa\u00f1ado de su se\u00f1ora esposa Martha de Alburquerque, el General Ram\u00f3n Alc\u00e1ntara, Jefe de su Escolta Militar, Ram\u00f3n Ram\u00edrez, su asistente personal y Felipe Romero, Director de Prensa de la Vicepresidencia.<\/span><\/p>\n<\/p>\n<p><span class=\"text1noticias\">El vicepresidente de la Rep\u00fablica estar\u00e1 de regreso en el pa\u00eds este jueves, por el Aeropuerto Internacional de Las Am\u00e9ricas, luego de concluida su visita al citado pa\u00eds.<\/span><\/p>\n<p><span class=\"text1noticias\"> <\/span><\/p>\n<\/p>\n<h6> 2010-09-14 19:51:42 <\/h6>\n<p><!--\n<link rel=\"stylesheet\" href=\"css\/bootstrap.min.css\">\n\n\n<ul class=\"pagination\">\n\t    \n\t\n\n<li >\n\t<a href='?page_no=31256'>Previous<\/a>\n\t<\/li>\n\n\n       \n    \n\n<li><a href='?page_no=1'>1<\/a><\/li>\n\n\n\n<li><a href='?page_no=2'>2<\/a><\/li>\n\n\n\n<li><a>...<\/a><\/li>\n\n\n\n<li><a href='?page_no=31255'>31255<\/a><\/li>\n\n\n\n<li><a href='?page_no=31256'>31256<\/a><\/li>\n\n\n\n<li class='active'><a>31257<\/a><\/li>\n\n\n\n<li><a href='?page_no=31258'>31258<\/a><\/li>\n\n\n\n<li><a href='?page_no=31259'>31259<\/a><\/li>\n\n\n\n<li><a>...<\/a><\/li>\n\n\n\n<li><a href='?page_no=31963'>31963<\/a><\/li>\n\n\n\n<li><a href='?page_no=31964'>31964<\/a><\/li>\n\n    \n\t\n\n<li >\n\t<a href='?page_no=31258'>Next<\/a>\n\t<\/li>\n\n\n    \n\n<li><a href='?page_no=31964'>Last &rsaquo;&rsaquo;<\/a><\/li>\n\n<\/ul>\n\n\n--><br \/>\n<\/body><\/p>\n","protected":false},"excerpt":{"rendered":"<p>M\u00e9xico, D. F.- El vicepresidente de la Rep\u00fablica, doctor Rafael Alburquerque, fue recibido en el Aeropuerto Internacional Benito Ju\u00e1rez, por el canciller mexicano, Patricia Espinosa, a su arribo a este pa\u00eds, donde encabeza la delegaci\u00f3n oficial que asiste a los actos conmemorativos del Bicentenario de la Independencia y el Centenario de la Revoluci\u00f3n mexicana, junto [&hellip;]<\/p>\n","protected":false},"author":3,"featured_media":0,"comment_status":"open","ping_status":"open","sticky":false,"template":"","format":"standard","meta":{"footnotes":""},"categories":[24],"tags":[],"class_list":["post-156089","post","type-post","status-publish","format-standard","hentry","category-justicia-y-derecho"],"_links":{"self":[{"href":"https:\/\/diariodominicano.com\/index.php?rest_route=\/wp\/v2\/posts\/156089","targetHints":{"allow":["GET"]}}],"collection":[{"href":"https:\/\/diariodominicano.com\/index.php?rest_route=\/wp\/v2\/posts"}],"about":[{"href":"https:\/\/diariodominicano.com\/index.php?rest_route=\/wp\/v2\/types\/post"}],"author":[{"embeddable":true,"href":"https:\/\/diariodominicano.com\/index.php?rest_route=\/wp\/v2\/users\/3"}],"replies":[{"embeddable":true,"href":"https:\/\/diariodominicano.com\/index.php?rest_route=%2Fwp%2Fv2%2Fcomments&post=156089"}],"version-history":[{"count":0,"href":"https:\/\/diariodominicano.com\/index.php?rest_route=\/wp\/v2\/posts\/156089\/revisions"}],"wp:attachment":[{"href":"https:\/\/diariodominicano.com\/index.php?rest_route=%2Fwp%2Fv2%2Fmedia&parent=156089"}],"wp:term":[{"taxonomy":"category","embeddable":true,"href":"https:\/\/diariodominicano.com\/index.php?rest_route=%2Fwp%2Fv2%2Fcategories&post=156089"},{"taxonomy":"post_tag","embeddable":true,"href":"https:\/\/diariodominicano.com\/index.php?rest_route=%2Fwp%2Fv2%2Ftags&post=156089"}],"curies":[{"name":"wp","href":"https:\/\/api.w.org\/{rel}","templated":true}]}}