{"id":155642,"date":"2010-10-26T22:21:46","date_gmt":"2010-10-26T22:21:46","guid":{"rendered":"http:\/\/diariodominicano.ddns.net\/?p=155642"},"modified":"2010-10-26T22:21:46","modified_gmt":"2010-10-26T22:21:46","slug":"unase-casc-preocupado-ante-la-situacion-de-la-colera","status":"publish","type":"post","link":"https:\/\/diariodominicano.com\/?p=155642","title":{"rendered":"UNASE-CASC preocupado ante la situaci\u00f3n de la c\u00f3lera"},"content":{"rendered":"<p><body><\/p>\n<\/p>\n<p><span class=\"text1noticias\">Santo Domingo.- La Uni\u00f3n Nacional de Servicio de enfermer\u00eda (UANSE-CASC), considera que el problema actual de la c\u00f3lera es una situaci\u00f3n en la cual todos los sectores dominicanos debemos estar unidos para confrontar \u00e9sta epidemia que puede ser fatal, por lo pr\u00f3ximo que se encuentra de nuestro pa\u00eds y por la movilidad constante de haitianos que vienen a nuestro pa\u00eds.<\/span><\/p>\n<\/p>\n<p><span class=\"text1noticias\">C\u00f3lera (tambi\u00e9n llamada como el c\u00f3lera) es una enfermedad aguda, diarreica, provocada por la bacteria \u00abVibrio cholerae\u00bb, la cual se manifiesta como una infecci\u00f3n intestinal. La infecci\u00f3n generalmente es benigna o asintom\u00e1tica, pero, a veces, puede ser grave.<\/span><\/p>\n<\/p>\n<p><span class=\"text1noticias\">Aproximadamente una de cada 20 personas infectadas puede tener la enfermedad en estado grave, caracterizada por diarrea acuosa profusa, v\u00f3mitos y entumecimiento de las piernas. En estas personas, la p\u00e9rdida r\u00e1pida de l\u00edquidos corporales lleva a la deshidrataci\u00f3n y a la postraci\u00f3n. Sin tratamiento adecuado, puede ocurrir la muerte en cuesti\u00f3n de algunas horas.<\/span><\/p>\n<\/p>\n<p><span class=\"text1noticias\">Una persona puede adquirir c\u00f3lera bebiendo l\u00edquido o comiendo alimentos contaminados con la bacteria del c\u00f3lera. Durante una epidemia, la fuente de contaminaci\u00f3n son generalmente las heces de una persona infectada. La enfermedad puede diseminarse r\u00e1pidamente en \u00e1reas con tratamientos inadecuados de agua potable y aguas residuales. La bacteria del c\u00f3lera tambi\u00e9n puede vivir en r\u00edos salubres y aguas costeras.<\/span><\/p>\n<\/p>\n<p><span class=\"text1noticias\">UNASE-CASC est\u00e1 alerta ante el llamado que puedan hacer las autoridades competentes para actuar en \u00e9sta situaci\u00f3n.<\/span><\/p>\n<h6> 2010-10-26 22:21:46 <\/h6>\n<p><!--\n<link rel=\"stylesheet\" href=\"css\/bootstrap.min.css\">\n\n\n<ul class=\"pagination\">\n\t    \n\t\n\n<li >\n\t<a href='?page_no=30809'>Previous<\/a>\n\t<\/li>\n\n\n       \n    \n\n<li><a href='?page_no=1'>1<\/a><\/li>\n\n\n\n<li><a href='?page_no=2'>2<\/a><\/li>\n\n\n\n<li><a>...<\/a><\/li>\n\n\n\n<li><a href='?page_no=30808'>30808<\/a><\/li>\n\n\n\n<li><a href='?page_no=30809'>30809<\/a><\/li>\n\n\n\n<li class='active'><a>30810<\/a><\/li>\n\n\n\n<li><a href='?page_no=30811'>30811<\/a><\/li>\n\n\n\n<li><a href='?page_no=30812'>30812<\/a><\/li>\n\n\n\n<li><a>...<\/a><\/li>\n\n\n\n<li><a href='?page_no=31963'>31963<\/a><\/li>\n\n\n\n<li><a href='?page_no=31964'>31964<\/a><\/li>\n\n    \n\t\n\n<li >\n\t<a href='?page_no=30811'>Next<\/a>\n\t<\/li>\n\n\n    \n\n<li><a href='?page_no=31964'>Last &rsaquo;&rsaquo;<\/a><\/li>\n\n<\/ul>\n\n\n--><br \/>\n<\/body><\/p>\n","protected":false},"excerpt":{"rendered":"<p>Santo Domingo.- La Uni\u00f3n Nacional de Servicio de enfermer\u00eda (UANSE-CASC), considera que el problema actual de la c\u00f3lera es una situaci\u00f3n en la cual todos los sectores dominicanos debemos estar unidos para confrontar \u00e9sta epidemia que puede ser fatal, por lo pr\u00f3ximo que se encuentra de nuestro pa\u00eds y por la movilidad constante de haitianos [&hellip;]<\/p>\n","protected":false},"author":3,"featured_media":0,"comment_status":"open","ping_status":"open","sticky":false,"template":"","format":"standard","meta":{"footnotes":""},"categories":[24],"tags":[],"class_list":["post-155642","post","type-post","status-publish","format-standard","hentry","category-justicia-y-derecho"],"_links":{"self":[{"href":"https:\/\/diariodominicano.com\/index.php?rest_route=\/wp\/v2\/posts\/155642","targetHints":{"allow":["GET"]}}],"collection":[{"href":"https:\/\/diariodominicano.com\/index.php?rest_route=\/wp\/v2\/posts"}],"about":[{"href":"https:\/\/diariodominicano.com\/index.php?rest_route=\/wp\/v2\/types\/post"}],"author":[{"embeddable":true,"href":"https:\/\/diariodominicano.com\/index.php?rest_route=\/wp\/v2\/users\/3"}],"replies":[{"embeddable":true,"href":"https:\/\/diariodominicano.com\/index.php?rest_route=%2Fwp%2Fv2%2Fcomments&post=155642"}],"version-history":[{"count":0,"href":"https:\/\/diariodominicano.com\/index.php?rest_route=\/wp\/v2\/posts\/155642\/revisions"}],"wp:attachment":[{"href":"https:\/\/diariodominicano.com\/index.php?rest_route=%2Fwp%2Fv2%2Fmedia&parent=155642"}],"wp:term":[{"taxonomy":"category","embeddable":true,"href":"https:\/\/diariodominicano.com\/index.php?rest_route=%2Fwp%2Fv2%2Fcategories&post=155642"},{"taxonomy":"post_tag","embeddable":true,"href":"https:\/\/diariodominicano.com\/index.php?rest_route=%2Fwp%2Fv2%2Ftags&post=155642"}],"curies":[{"name":"wp","href":"https:\/\/api.w.org\/{rel}","templated":true}]}}